{"id":8648,"date":"2018-02-27T06:02:40","date_gmt":"2018-02-27T04:02:40","guid":{"rendered":"https:\/\/istac.org.tr\/?p=8648"},"modified":"2018-03-01T06:05:36","modified_gmt":"2018-03-01T04:05:36","slug":"antalya-barosu-konferansinin-ardindan-antalya-tahkim-turizminin-merkezi-olabilir","status":"publish","type":"post","link":"https:\/\/istac.org.tr\/tr\/antalya-barosu-konferansinin-ardindan-antalya-tahkim-turizminin-merkezi-olabilir\/","title":{"rendered":"Antalya Barosu ile ISTAC Tahkimi Konferans\u0131n\u0131n Ard\u0131ndan: Antalya Tahkim Turizminin Merkezi Olabilir"},"content":{"rendered":"<p>\u0130stanbul Tahkim Merkezi Ankara, Eski\u015fehir, Denizli, \u015eanl\u0131urfa, K\u00fctahya, Ayd\u0131n, Mersin, \u00c7orum ve \u0130stanbul Barolar\u0131nda d\u00fczenlenen konferanslar\u0131n ard\u0131ndan, bu kez Antalyal\u0131 hukuk\u00e7ularla bulu\u015ftu.\u00a0 Antalya Barosu i\u015fbirli\u011fiyle Akdeniz \u00dcniversitesi Hukuk Fak\u00fcltesi\u2019nde d\u00fczenlenen konferans, avukatlardan ve gelece\u011fin hukuk\u00e7ular\u0131ndan yo\u011fun ilgi g\u00f6rd\u00fc.<\/p>\n<p>Konferans\u0131n a\u00e7\u0131l\u0131\u015f\u0131nda konu\u015fan Antalya Barosu Ba\u015fkan\u0131 Av. Polat Balkan, avukatlar i\u00e7in tahkimi de\u011ferlendirdi; \u201cHer a\u015famas\u0131 \u00f6ng\u00f6r\u00fclebilen ve uyu\u015fmazl\u0131klar\u0131 \u00e7ok daha ayr\u0131nt\u0131l\u0131 bir \u015fekilde ele al\u0131p \u00e7\u00f6zme olana\u011f\u0131 sunan ba\u011flay\u0131c\u0131, niha\u00ee, icra edilebilir nitelikte yarg\u0131 hizmeti veren \u0130stanbul Tahkim Merkezi ile ortak bir etkinlik yapmaktan mutlu olduk\u201d dedi.<\/p>\n<p>\u0130stanbul Tahkim Merkezi Ba\u015fkan\u0131 Prof. Dr. Ziya Ak\u0131nc\u0131 da, ISTAC tahkimini anlatt\u0131\u011f\u0131 konu\u015fmas\u0131nda, Antalya\u2019n\u0131n tahkim turizmi a\u00e7\u0131s\u0131ndan avantajlar\u0131na dikkat \u00e7ekti: \u201cISTAC h\u0131zl\u0131, uzmanla\u015fm\u0131\u015f, esnek ve daima devlet mahkemelerine g\u00f6re \u00e7ok daha az masrafl\u0131 bir yarg\u0131lama hizmeti sunuyor. Avukat meslekta\u015flar\u0131m\u0131z\u0131n hakemlik yapabilmesine \u00e7ok \u00f6nem veriyoruz. Avukatlar, ISTAC tahkiminde hakem, taraf vekili, uzman olarak g\u00f6rev yap\u0131yor ve merkezimiz onlara i\u015f kap\u0131s\u0131 yarat\u0131yor. Ayr\u0131ca Antalya sahip oldu\u011fu turizm olanaklar\u0131 ile tahkim yapma a\u00e7\u0131s\u0131ndan d\u00fcnyan\u0131n en g\u00fczel yerlerinden biri&#8221; dedi.<\/p>\n<p>ISTAC Y\u00f6netim Kurulu \u00dcyesi Av. Mehmet Rifat Bacanl\u0131 da, konferansa kat\u0131lan avukatlara\u00a0 tahkimin yaratt\u0131\u011f\u0131 f\u0131rsatlar\u0131 anlatt\u0131: \u201cTahkim, avukat meslekta\u015flar\u0131m\u0131z ve hukuk\u00e7ular i\u00e7in yeni bir i\u015f potansiyelidir ve hakem \u00fccretleri de gayet tatmin edicidir. Ayr\u0131ca Antalya ilinin kendi i\u00e7inde kendi atayaca\u011f\u0131 hakemlerle, \u015fehir d\u0131\u015f\u0131na \u00e7\u0131kmadan ISTAC arac\u0131l\u0131\u011f\u0131 ile davalar\u0131 g\u00f6rmesinin \u00f6n\u00fcnde hi\u00e7bir engel yoktur. Tahkim hukuk mesle\u011finin gelece\u011fidir ve sanayici i\u00e7in \u201cEnd\u00fcstri 4.0\u201d neyse hukuk\u00e7u i\u00e7in tahkim de odur.\u201d<\/p>\n<p>Konferansa Gen\u00e7 ISTAC ad\u0131na kat\u0131lan Av. Selda Ta\u015fy\u00fcrek de, \u201cAmac\u0131m\u0131z herkes i\u00e7in tahkim. Tahkimi tan\u0131tmak i\u00e7in yar\u0131\u015fmalar ve etkinlikler d\u00fczenliyoruz. Bu y\u0131l ikincisini d\u00fczenledi\u011fimiz Gen\u00e7 ISTAC Gelece\u011fin Tahkim Avukat\u0131 Yar\u0131\u015fmas\u0131 28-29 Nisan 2018 tarihlerinde yap\u0131lacak ve 48 tak\u0131m kat\u0131lacak. Gelece\u011fin hukuk\u00e7ular\u0131ndan yar\u0131\u015fmam\u0131za yo\u011fun ilgi var\u201c dedi.<\/p>\n<p>Antalya Barosuna ve Antalya Barosu Ba\u015fkan\u0131 Av. Polat Balkan&#8217;a bu konferanstaki konukseverli\u011fi ve i\u015fbirli\u011fi i\u00e7in te\u015fekk\u00fcrlerimizi arz ederiz.\u00a0\u0130stanbul Tahkim Merkezi yurt genelinde baro konferanslar\u0131n\u0131 s\u00fcrd\u00fcrmeyi planl\u0131yor.<\/p>\n<p><img loading=\"lazy\" class=\"aligncenter size-large wp-image-8649\" src=\"https:\/\/istac.org.tr\/wp-content\/uploads\/2018\/03\/20180226-Antalya-Barosu-ISTAC-Konferans_1-1024x683.jpg\" alt=\"\" width=\"1024\" height=\"683\" srcset=\"https:\/\/istac.org.tr\/wp-content\/uploads\/2018\/03\/20180226-Antalya-Barosu-ISTAC-Konferans_1-1024x683.jpg 1024w, https:\/\/istac.org.tr\/wp-content\/uploads\/2018\/03\/20180226-Antalya-Barosu-ISTAC-Konferans_1-300x200.jpg 300w, https:\/\/istac.org.tr\/wp-content\/uploads\/2018\/03\/20180226-Antalya-Barosu-ISTAC-Konferans_1-768x512.jpg 768w\" sizes=\"(max-width: 1024px) 100vw, 1024px\" \/><\/p>\n<p><img loading=\"lazy\" class=\"aligncenter size-large wp-image-8651\" src=\"https:\/\/istac.org.tr\/wp-content\/uploads\/2018\/03\/20180226-Antalya-Barosu-ISTAC-Konferans_2-1024x683.jpg\" alt=\"\" width=\"1024\" height=\"683\" srcset=\"https:\/\/istac.org.tr\/wp-content\/uploads\/2018\/03\/20180226-Antalya-Barosu-ISTAC-Konferans_2-1024x683.jpg 1024w, https:\/\/istac.org.tr\/wp-content\/uploads\/2018\/03\/20180226-Antalya-Barosu-ISTAC-Konferans_2-300x200.jpg 300w, https:\/\/istac.org.tr\/wp-content\/uploads\/2018\/03\/20180226-Antalya-Barosu-ISTAC-Konferans_2-768x512.jpg 768w\" sizes=\"(max-width: 1024px) 100vw, 1024px\" \/><\/p>\n","protected":false},"excerpt":{"rendered":"<p>\u0130stanbul Tahkim Merkezi Ankara, Eski\u015fehir, Denizli, \u015eanl\u0131urfa, K\u00fctahya, Ayd\u0131n, Mersin, \u00c7orum ve \u0130stanbul Barolar\u0131nda d\u00fczenlenen konferanslar\u0131n ard\u0131ndan, bu kez Antalyal\u0131 hukuk\u00e7ularla bulu\u015ftu.\u00a0 Antalya Barosu i\u015fbirli\u011fiyle Akdeniz \u00dcniversitesi Hukuk Fak\u00fcltesi\u2019nde d\u00fczenlenen konferans, avukatlardan ve gelece\u011fin hukuk\u00e7ular\u0131ndan yo\u011fun ilgi g\u00f6rd\u00fc. Konferans\u0131n a\u00e7\u0131l\u0131\u015f\u0131nda konu\u015fan Antalya Barosu Ba\u015fkan\u0131 Av. Polat Balkan, avukatlar i\u00e7in tahkimi de\u011ferlendirdi; \u201cHer a\u015famas\u0131 \u00f6ng\u00f6r\u00fclebilen ve<a href=\"https:\/\/istac.org.tr\/tr\/antalya-barosu-konferansinin-ardindan-antalya-tahkim-turizminin-merkezi-olabilir\/\">[&#8230;]<\/a><\/p>\n","protected":false},"author":1,"featured_media":0,"comment_status":"open","ping_status":"open","sticky":false,"template":"","format":"standard","meta":[],"categories":[3,49],"tags":[],"acf":[],"post_mailing_queue_ids":[],"_links":{"self":[{"href":"https:\/\/istac.org.tr\/tr\/wp-json\/wp\/v2\/posts\/8648\/"}],"collection":[{"href":"https:\/\/istac.org.tr\/tr\/wp-json\/wp\/v2\/posts\/"}],"about":[{"href":"https:\/\/istac.org.tr\/tr\/wp-json\/wp\/v2\/types\/post\/"}],"author":[{"embeddable":true,"href":"https:\/\/istac.org.tr\/tr\/wp-json\/wp\/v2\/users\/1\/"}],"replies":[{"embeddable":true,"href":"https:\/\/istac.org.tr\/tr\/wp-json\/wp\/v2\/comments\/?post=8648"}],"version-history":[{"count":4,"href":"https:\/\/istac.org.tr\/tr\/wp-json\/wp\/v2\/posts\/8648\/revisions\/"}],"predecessor-version":[{"id":8656,"href":"https:\/\/istac.org.tr\/tr\/wp-json\/wp\/v2\/posts\/8648\/revisions\/8656\/"}],"wp:attachment":[{"href":"https:\/\/istac.org.tr\/tr\/wp-json\/wp\/v2\/media\/?parent=8648"}],"wp:term":[{"taxonomy":"category","embeddable":true,"href":"https:\/\/istac.org.tr\/tr\/wp-json\/wp\/v2\/categories\/?post=8648"},{"taxonomy":"post_tag","embeddable":true,"href":"https:\/\/istac.org.tr\/tr\/wp-json\/wp\/v2\/tags\/?post=8648"}],"curies":[{"name":"wp","href":"https:\/\/api.w.org\/{rel}","templated":true}]}}