{"id":8535,"date":"2018-01-05T14:54:41","date_gmt":"2018-01-05T12:54:41","guid":{"rendered":"https:\/\/istac.org.tr\/?p=8535"},"modified":"2018-02-20T15:01:50","modified_gmt":"2018-02-20T13:01:50","slug":"elsa-ankara-prof-dr-ejder-yilmaz-ii-kurgusal-durusma-yarismasi-odulu-istac-yaz-staji","status":"publish","type":"post","link":"https:\/\/istac.org.tr\/tr\/elsa-ankara-prof-dr-ejder-yilmaz-ii-kurgusal-durusma-yarismasi-odulu-istac-yaz-staji\/","title":{"rendered":"ELSA Ankara Prof. Dr. Ejder Y\u0131lmaz II. Kurgusal Duru\u015fma Yar\u0131\u015fmas\u0131 \u00d6d\u00fcl\u00fc ISTAC Yaz Staj\u0131"},"content":{"rendered":"<p>ISTAC Dan\u0131\u015fma Kurulu \u00fcyesi Prof. Dr. Ejder Y\u0131lmaz ad\u0131na ELSA Ankara taraf\u0131ndan d\u00fczenlenen &#8220;Prof. Dr. Ejder Y\u0131lmaz Kurgusal Duru\u015fma Yar\u0131\u015fmas\u0131&#8221;n\u0131n ikincisi, bu y\u0131l ger\u00e7ekle\u015fiyor.<\/p>\n<p>\u00dcniversite \u00f6\u011frencilerinin kat\u0131l\u0131mlar\u0131yla ger\u00e7ekle\u015fen bu yar\u0131\u015fmada En \u0130yi Konu\u015fmac\u0131 \u00d6d\u00fcl\u00fcn\u00fc alan bir \u00f6\u011frenci, ISTAC&#8217;ta bir ay s\u00fcreyle yaz staj\u0131 yapma imkan\u0131na sahip olacakt\u0131r.<\/p>\n<p>Yar\u0131\u015fmaya kat\u0131lan t\u00fcm tak\u0131mlara ISTAC olarak ba\u015far\u0131lar dileriz!<\/p>\n<p><img loading=\"lazy\" class=\"aligncenter size-large wp-image-8536\" src=\"https:\/\/istac.org.tr\/wp-content\/uploads\/2018\/02\/IMG_1439-725x1024.jpg\" alt=\"\" width=\"725\" height=\"1024\" srcset=\"https:\/\/istac.org.tr\/wp-content\/uploads\/2018\/02\/IMG_1439-725x1024.jpg 725w, https:\/\/istac.org.tr\/wp-content\/uploads\/2018\/02\/IMG_1439-212x300.jpg 212w, https:\/\/istac.org.tr\/wp-content\/uploads\/2018\/02\/IMG_1439-768x1085.jpg 768w, https:\/\/istac.org.tr\/wp-content\/uploads\/2018\/02\/IMG_1439.jpg 944w\" sizes=\"(max-width: 725px) 100vw, 725px\" \/><\/p>\n","protected":false},"excerpt":{"rendered":"<p>ISTAC Dan\u0131\u015fma Kurulu \u00fcyesi Prof. Dr. Ejder Y\u0131lmaz ad\u0131na ELSA Ankara taraf\u0131ndan d\u00fczenlenen &#8220;Prof. Dr. Ejder Y\u0131lmaz Kurgusal Duru\u015fma Yar\u0131\u015fmas\u0131&#8221;n\u0131n ikincisi, bu y\u0131l ger\u00e7ekle\u015fiyor. \u00dcniversite \u00f6\u011frencilerinin kat\u0131l\u0131mlar\u0131yla ger\u00e7ekle\u015fen bu yar\u0131\u015fmada En \u0130yi Konu\u015fmac\u0131 \u00d6d\u00fcl\u00fcn\u00fc alan bir \u00f6\u011frenci, ISTAC&#8217;ta bir ay s\u00fcreyle yaz staj\u0131 yapma imkan\u0131na sahip olacakt\u0131r. Yar\u0131\u015fmaya kat\u0131lan t\u00fcm tak\u0131mlara ISTAC olarak ba\u015far\u0131lar dileriz!<\/p>\n","protected":false},"author":1,"featured_media":0,"comment_status":"open","ping_status":"open","sticky":false,"template":"","format":"standard","meta":[],"categories":[5,3],"tags":[],"acf":[],"post_mailing_queue_ids":[],"_links":{"self":[{"href":"https:\/\/istac.org.tr\/tr\/wp-json\/wp\/v2\/posts\/8535\/"}],"collection":[{"href":"https:\/\/istac.org.tr\/tr\/wp-json\/wp\/v2\/posts\/"}],"about":[{"href":"https:\/\/istac.org.tr\/tr\/wp-json\/wp\/v2\/types\/post\/"}],"author":[{"embeddable":true,"href":"https:\/\/istac.org.tr\/tr\/wp-json\/wp\/v2\/users\/1\/"}],"replies":[{"embeddable":true,"href":"https:\/\/istac.org.tr\/tr\/wp-json\/wp\/v2\/comments\/?post=8535"}],"version-history":[{"count":1,"href":"https:\/\/istac.org.tr\/tr\/wp-json\/wp\/v2\/posts\/8535\/revisions\/"}],"predecessor-version":[{"id":8538,"href":"https:\/\/istac.org.tr\/tr\/wp-json\/wp\/v2\/posts\/8535\/revisions\/8538\/"}],"wp:attachment":[{"href":"https:\/\/istac.org.tr\/tr\/wp-json\/wp\/v2\/media\/?parent=8535"}],"wp:term":[{"taxonomy":"category","embeddable":true,"href":"https:\/\/istac.org.tr\/tr\/wp-json\/wp\/v2\/categories\/?post=8535"},{"taxonomy":"post_tag","embeddable":true,"href":"https:\/\/istac.org.tr\/tr\/wp-json\/wp\/v2\/tags\/?post=8535"}],"curies":[{"name":"wp","href":"https:\/\/api.w.org\/{rel}","templated":true}]}}