{"id":8531,"date":"2018-02-08T14:49:03","date_gmt":"2018-02-08T12:49:03","guid":{"rendered":"https:\/\/istac.org.tr\/?p=8531"},"modified":"2018-02-20T15:06:44","modified_gmt":"2018-02-20T13:06:44","slug":"15-subat-2018-is-dunyasinda-tahkim-ve-istanbul-tahkim-merkezi-konferansi","status":"publish","type":"post","link":"https:\/\/istac.org.tr\/tr\/15-subat-2018-is-dunyasinda-tahkim-ve-istanbul-tahkim-merkezi-konferansi\/","title":{"rendered":"15 \u015eubat 2018- \u0130\u015f D\u00fcnyas\u0131nda Tahkim ve \u0130stanbul Tahkim Merkezi Konferans\u0131"},"content":{"rendered":"<p>\u0130stanbul Tahkim Merkezi Y\u00f6netim Kurulu \u00fcyesi ve Denizli Sanayi Odas\u0131 Ba\u015fkan\u0131 Av. M\u00fcjdat Ke\u00e7eci, Denizli Barosu Ba\u015fkan\u0131 M\u00fcjdat \u0130lhan, Denizli Gen\u00e7 \u0130\u015fadamlar\u0131 Derne\u011fi Ba\u015fkan\u0131 Melek S\u00f6zkesen ve Gen\u00e7 ISTAC Y\u00fcr\u00fctme Kur<span class=\"text_exposed_show\">ulu \u00dcyesi Ekin Tuna&#8217;n\u0131n kat\u0131l\u0131mlar\u0131yla, 15 \u015eubat 2018 Per\u015fembe g\u00fcn\u00fc Denizli&#8217;de ger\u00e7ekle\u015fecek\u00a0 &#8220;\u0130\u015f D\u00fcnyas\u0131nda Tahkim ve \u0130stanbul Tahkim Merkezi&#8221; konferans\u0131m\u0131za t\u00fcm meslekta\u015flar\u0131m\u0131z ve i\u015f d\u00fcnyas\u0131 mensuplar\u0131 davetlidir.\u00a0<\/span><\/p>\n<p><img loading=\"lazy\" class=\"aligncenter size-large wp-image-8532\" src=\"https:\/\/istac.org.tr\/wp-content\/uploads\/2018\/02\/20180215-Genc-ISTAC-Denizli-Konferans-818x1024.png\" alt=\"\" width=\"818\" height=\"1024\" srcset=\"https:\/\/istac.org.tr\/wp-content\/uploads\/2018\/02\/20180215-Genc-ISTAC-Denizli-Konferans-818x1024.png 818w, https:\/\/istac.org.tr\/wp-content\/uploads\/2018\/02\/20180215-Genc-ISTAC-Denizli-Konferans-240x300.png 240w, https:\/\/istac.org.tr\/wp-content\/uploads\/2018\/02\/20180215-Genc-ISTAC-Denizli-Konferans-768x961.png 768w, https:\/\/istac.org.tr\/wp-content\/uploads\/2018\/02\/20180215-Genc-ISTAC-Denizli-Konferans.png 1151w\" sizes=\"(max-width: 818px) 100vw, 818px\" \/><\/p>\n","protected":false},"excerpt":{"rendered":"<p>\u0130stanbul Tahkim Merkezi Y\u00f6netim Kurulu \u00fcyesi ve Denizli Sanayi Odas\u0131 Ba\u015fkan\u0131 Av. M\u00fcjdat Ke\u00e7eci, Denizli Barosu Ba\u015fkan\u0131 M\u00fcjdat \u0130lhan, Denizli Gen\u00e7 \u0130\u015fadamlar\u0131 Derne\u011fi Ba\u015fkan\u0131 Melek S\u00f6zkesen ve Gen\u00e7 ISTAC Y\u00fcr\u00fctme Kurulu \u00dcyesi Ekin Tuna&#8217;n\u0131n kat\u0131l\u0131mlar\u0131yla, 15 \u015eubat 2018 Per\u015fembe g\u00fcn\u00fc Denizli&#8217;de ger\u00e7ekle\u015fecek\u00a0 &#8220;\u0130\u015f D\u00fcnyas\u0131nda Tahkim ve \u0130stanbul Tahkim Merkezi&#8221; konferans\u0131m\u0131za t\u00fcm meslekta\u015flar\u0131m\u0131z ve i\u015f d\u00fcnyas\u0131<a href=\"https:\/\/istac.org.tr\/tr\/15-subat-2018-is-dunyasinda-tahkim-ve-istanbul-tahkim-merkezi-konferansi\/\">[&#8230;]<\/a><\/p>\n","protected":false},"author":1,"featured_media":0,"comment_status":"open","ping_status":"open","sticky":false,"template":"","format":"standard","meta":[],"categories":[5,4,32,3,49],"tags":[],"acf":[],"post_mailing_queue_ids":[],"_links":{"self":[{"href":"https:\/\/istac.org.tr\/tr\/wp-json\/wp\/v2\/posts\/8531\/"}],"collection":[{"href":"https:\/\/istac.org.tr\/tr\/wp-json\/wp\/v2\/posts\/"}],"about":[{"href":"https:\/\/istac.org.tr\/tr\/wp-json\/wp\/v2\/types\/post\/"}],"author":[{"embeddable":true,"href":"https:\/\/istac.org.tr\/tr\/wp-json\/wp\/v2\/users\/1\/"}],"replies":[{"embeddable":true,"href":"https:\/\/istac.org.tr\/tr\/wp-json\/wp\/v2\/comments\/?post=8531"}],"version-history":[{"count":2,"href":"https:\/\/istac.org.tr\/tr\/wp-json\/wp\/v2\/posts\/8531\/revisions\/"}],"predecessor-version":[{"id":8545,"href":"https:\/\/istac.org.tr\/tr\/wp-json\/wp\/v2\/posts\/8531\/revisions\/8545\/"}],"wp:attachment":[{"href":"https:\/\/istac.org.tr\/tr\/wp-json\/wp\/v2\/media\/?parent=8531"}],"wp:term":[{"taxonomy":"category","embeddable":true,"href":"https:\/\/istac.org.tr\/tr\/wp-json\/wp\/v2\/categories\/?post=8531"},{"taxonomy":"post_tag","embeddable":true,"href":"https:\/\/istac.org.tr\/tr\/wp-json\/wp\/v2\/tags\/?post=8531"}],"curies":[{"name":"wp","href":"https:\/\/api.w.org\/{rel}","templated":true}]}}