{"id":8234,"date":"2018-02-02T20:16:03","date_gmt":"2018-02-02T18:16:03","guid":{"rendered":"https:\/\/istac.org.tr\/?p=8234"},"modified":"2018-02-07T08:50:07","modified_gmt":"2018-02-07T06:50:07","slug":"turkiye-ve-iran-tahkim-hukukculari-istanbulda-bulustu","status":"publish","type":"post","link":"https:\/\/istac.org.tr\/tr\/turkiye-ve-iran-tahkim-hukukculari-istanbulda-bulustu\/","title":{"rendered":"ISTAC-TRAC Ortak Konferans\u0131: T\u00fcrkiye ve \u0130ran Tahkim Hukuk\u00e7ular\u0131 \u0130stanbul&#8217;da Bulu\u015ftu"},"content":{"rendered":"<p>\u0130stanbul Tahkim Merkezi ile Tahran B\u00f6lgesel Tahkim Merkezi&#8217;nin (TRAC) \u00fc\u00e7\u00fcnc\u00fc ortak konferans\u0131, 1 \u015eubat g\u00fcn\u00fc \u0130stanbul&#8217;da ISTAC&#8217;\u0131n ev sahipli\u011finde d\u00fczenlendi.<\/p>\n<p>T\u00fcrkiye Barolar Birli\u011fi Ba\u015fkan\u0131 Prof. Dr. Mertin Feyzio\u011flu, Fransa \u00f6nceki adalet Bakan\u0131 Dominque Perben ve ISTAC Genel Sekreteri Dr. Candan Yasan Tepeta\u015f&#8217;\u0131n a\u00e7\u0131l\u0131\u015f konumalar\u0131yla ba\u015flayan konferansta,\u00a0\u00dcrd\u00fcn eski Adalet Bakan\u0131 Aiman Odeh, \u0130ran \u015eehit Behe\u015fti \u00dcniversitesi ve \u0130ran Uluslararas\u0131 Hukuk \u0130\u015fleri Ba\u015fkanvekili Prof. Dr. M.J. Ghanbari, ISTAC Dan\u0131\u015fma Kurulu \u00dcyesi Prof. Dr. Erc\u00fcment Erdem, ISTAC Divan \u00fcyesi Dr. Hamid Gharavi, TRAC Ba\u015fkan\u0131 Dr. Oveis Rezvanian ve ISTAC Ba\u015fkan\u0131 Prof. Dr. Ziya Ak\u0131nc\u0131 konu\u015fmac\u0131 olarak yer ald\u0131lar.<\/p>\n<p>Konferans\u0131n a\u00e7\u0131l\u0131\u015f\u0131nda konu\u015fan T\u00fcrkiye Barolar Birli\u011fi Ba\u015fkan\u0131 Metin Feyzio\u011flu, bir konferans i\u00e7in gitti\u011fi Tahran\u2019da avukatlar\u0131n neredeyse yar\u0131s\u0131n\u0131n T\u00fcrk\u00e7e konu\u015ftu\u011funu g\u00f6r\u00fcnce ya\u015fad\u0131\u011f\u0131 \u015fa\u015fk\u0131nl\u0131\u011f\u0131 \u015f\u00f6yle anlatt\u0131; \u201cBiz \u0130ran\u2019a sand\u0131\u011f\u0131m\u0131zdan daha kom\u015fuyuz. Ticaret demokrasiyi ve hukuk devletini beraberinde getirir. ISTAC ve TRAC b\u00f6lgede ticari ili\u015fkileri ve bar\u0131\u015f\u0131 g\u00fc\u00e7lendirecek.\u201d dedi.<\/p>\n<p>\u0130stanbul Tahkim Merkezi Ba\u015fkan\u0131 Prof. Dr. Ziya Ak\u0131nc\u0131 da iki \u00fclke tahkim merkezleri aras\u0131ndaki i\u015fbirli\u011finin ekonomik ve ticari b\u00fcy\u00fcmeyi beraberinde getirece\u011fini s\u00f6yledi. Ak\u0131nc\u0131, \u201cAyn\u0131 b\u00f6lgenin tahkim merkezleri olarak, uyu\u015fmazl\u0131klara \u00e7\u00f6z\u00fcm arayan taraflar\u0131 k\u00fclt\u00fcrel ve sosyal y\u00f6nden daha iyi anlama ve ihtiya\u00e7lar\u0131na daha \u00e7abuk cevap verme avantaj\u0131m\u0131z var. Bu avantaj b\u00f6lgesel tahkimin geli\u015ftirilmesinde cazip bir zemin yarat\u0131yor\u201d mesaj\u0131n\u0131 verdi. Tahran Tahkim Merkezi Ba\u015fkan\u0131 Dr. Oveis Rezvanian ise, yenilenen TRAC Kurallar\u0131\u2019n\u0131n Mart 2018\u2019de y\u00fcr\u00fcrl\u00fc\u011fe girece\u011fini ve b\u00f6lgede daha etkin olmay\u0131 hedeflediklerini vurgulad\u0131.<\/p>\n<p>ISTAC Dan\u0131\u015fma Kurulu \u00dcyesi Prof. Dr. Erc\u00fcment Erdem de d\u00fcnya tahkiminde b\u00f6lgenin konumunu de\u011ferlendirdi. Prof. Dr Erdem, Paris-Tahran-\u0130stanbul konferanslar serisi ile ba\u015flayan iki tahkim kurumu aras\u0131ndaki i\u015fbirli\u011finin anlam\u0131n\u0131 \u015fu s\u00f6zlerle \u00f6zetledi;\u00a0<em>\u201c<\/em>TRAC\u2019da iki kere hakemlik yapt\u0131m. Biri ABD\u2019nin k\u0131s\u0131tlay\u0131c\u0131 tedbirlerinin oldu\u011fu d\u00f6nemdi. Bir hakem Tahran\u2019a gitmek istemedi, biz de Paris\u2019e gitmeye karar verdik. Her \u015fey rezerve edilip ayarland\u0131, ancak Fransa, \u0130ranl\u0131lara vize vermedi. 2 hafta vize i\u00e7in u\u011fra\u015ft\u0131k, gereksiz yere zaman kaybettik, masraf yapt\u0131k. Oysa biz \u0130ran ile ayn\u0131 b\u00f6lgedeyiz ve sahip oldu\u011fumuz k\u00fclt\u00fcrel-sosyal miras\u0131 payla\u015f\u0131p i\u015fbirli\u011fini geli\u015ftirebiliriz.\u201d<\/p>\n<p>ISTAC Divan\u0131 \u00dcyesi Dr. Gharavi ise T\u00fcrkiye ve \u0130ran\u2019\u0131n iki tahkim kurumunun b\u00f6lgesel anlamda i\u015fbirli\u011fi potansiyelini kar\u015f\u0131l\u0131kl\u0131 olarak kullanabileceklerini vurgulayarak, tahkim kurumlar\u0131n\u0131n ba\u011f\u0131ms\u0131zl\u0131\u011f\u0131n\u0131 korumas\u0131n\u0131n \u00f6nemini a\u00e7\u0131klad\u0131.<\/p>\n<p>&nbsp;<\/p>\n<p><img loading=\"lazy\" class=\"aligncenter size-large wp-image-8239\" src=\"https:\/\/istac.org.tr\/wp-content\/uploads\/2018\/02\/IMG_1525-1024x683.jpg\" alt=\"\" width=\"1024\" height=\"683\" srcset=\"https:\/\/istac.org.tr\/wp-content\/uploads\/2018\/02\/IMG_1525-1024x683.jpg 1024w, https:\/\/istac.org.tr\/wp-content\/uploads\/2018\/02\/IMG_1525-300x200.jpg 300w, https:\/\/istac.org.tr\/wp-content\/uploads\/2018\/02\/IMG_1525-768x512.jpg 768w\" sizes=\"(max-width: 1024px) 100vw, 1024px\" \/><\/p>\n<p>&nbsp;<\/p>\n<p><img loading=\"lazy\" class=\"aligncenter size-large wp-image-8241\" src=\"https:\/\/istac.org.tr\/wp-content\/uploads\/2018\/02\/IMG_1538-1024x683.jpg\" alt=\"\" width=\"1024\" height=\"683\" srcset=\"https:\/\/istac.org.tr\/wp-content\/uploads\/2018\/02\/IMG_1538-1024x683.jpg 1024w, https:\/\/istac.org.tr\/wp-content\/uploads\/2018\/02\/IMG_1538-300x200.jpg 300w, https:\/\/istac.org.tr\/wp-content\/uploads\/2018\/02\/IMG_1538-768x512.jpg 768w\" sizes=\"(max-width: 1024px) 100vw, 1024px\" \/><\/p>\n<p>&nbsp;<\/p>\n<p><img loading=\"lazy\" class=\"aligncenter size-large wp-image-8243\" src=\"https:\/\/istac.org.tr\/wp-content\/uploads\/2018\/02\/IMG_1567-1024x683.jpg\" alt=\"\" width=\"1024\" height=\"683\" srcset=\"https:\/\/istac.org.tr\/wp-content\/uploads\/2018\/02\/IMG_1567-1024x683.jpg 1024w, https:\/\/istac.org.tr\/wp-content\/uploads\/2018\/02\/IMG_1567-300x200.jpg 300w, https:\/\/istac.org.tr\/wp-content\/uploads\/2018\/02\/IMG_1567-768x512.jpg 768w\" sizes=\"(max-width: 1024px) 100vw, 1024px\" \/><\/p>\n<p>&nbsp;<\/p>\n<p><img loading=\"lazy\" class=\"aligncenter size-large wp-image-8245\" src=\"https:\/\/istac.org.tr\/wp-content\/uploads\/2018\/02\/IMG_1645-9-1024x683.jpg\" alt=\"\" width=\"1024\" height=\"683\" srcset=\"https:\/\/istac.org.tr\/wp-content\/uploads\/2018\/02\/IMG_1645-9-1024x683.jpg 1024w, https:\/\/istac.org.tr\/wp-content\/uploads\/2018\/02\/IMG_1645-9-300x200.jpg 300w, https:\/\/istac.org.tr\/wp-content\/uploads\/2018\/02\/IMG_1645-9-768x512.jpg 768w\" sizes=\"(max-width: 1024px) 100vw, 1024px\" \/><\/p>\n<p>&nbsp;<\/p>\n<p><img loading=\"lazy\" class=\"aligncenter size-large wp-image-8249\" src=\"https:\/\/istac.org.tr\/wp-content\/uploads\/2018\/02\/IMG_1620-1024x683.jpg\" alt=\"\" width=\"1024\" height=\"683\" srcset=\"https:\/\/istac.org.tr\/wp-content\/uploads\/2018\/02\/IMG_1620-1024x683.jpg 1024w, https:\/\/istac.org.tr\/wp-content\/uploads\/2018\/02\/IMG_1620-300x200.jpg 300w, https:\/\/istac.org.tr\/wp-content\/uploads\/2018\/02\/IMG_1620-768x512.jpg 768w\" sizes=\"(max-width: 1024px) 100vw, 1024px\" \/><\/p>\n<p>&nbsp;<\/p>\n<p><img loading=\"lazy\" class=\"aligncenter size-large wp-image-8251\" src=\"https:\/\/istac.org.tr\/wp-content\/uploads\/2018\/02\/IMG_1645-10-1024x683.jpg\" alt=\"\" width=\"1024\" height=\"683\" srcset=\"https:\/\/istac.org.tr\/wp-content\/uploads\/2018\/02\/IMG_1645-10-1024x683.jpg 1024w, https:\/\/istac.org.tr\/wp-content\/uploads\/2018\/02\/IMG_1645-10-300x200.jpg 300w, https:\/\/istac.org.tr\/wp-content\/uploads\/2018\/02\/IMG_1645-10-768x512.jpg 768w\" sizes=\"(max-width: 1024px) 100vw, 1024px\" \/><\/p>\n<p>&nbsp;<\/p>\n<p><img loading=\"lazy\" class=\"aligncenter size-large wp-image-8253\" src=\"https:\/\/istac.org.tr\/wp-content\/uploads\/2018\/02\/IMG_1645-1-1024x683.jpg\" alt=\"\" width=\"1024\" height=\"683\" srcset=\"https:\/\/istac.org.tr\/wp-content\/uploads\/2018\/02\/IMG_1645-1-1024x683.jpg 1024w, https:\/\/istac.org.tr\/wp-content\/uploads\/2018\/02\/IMG_1645-1-300x200.jpg 300w, https:\/\/istac.org.tr\/wp-content\/uploads\/2018\/02\/IMG_1645-1-768x512.jpg 768w\" sizes=\"(max-width: 1024px) 100vw, 1024px\" \/><\/p>\n<p>&nbsp;<\/p>\n<p><img loading=\"lazy\" class=\"aligncenter size-large wp-image-8255\" src=\"https:\/\/istac.org.tr\/wp-content\/uploads\/2018\/02\/IMG_1669-1024x683.jpg\" alt=\"\" width=\"1024\" height=\"683\" srcset=\"https:\/\/istac.org.tr\/wp-content\/uploads\/2018\/02\/IMG_1669-1024x683.jpg 1024w, https:\/\/istac.org.tr\/wp-content\/uploads\/2018\/02\/IMG_1669-300x200.jpg 300w, https:\/\/istac.org.tr\/wp-content\/uploads\/2018\/02\/IMG_1669-768x512.jpg 768w\" sizes=\"(max-width: 1024px) 100vw, 1024px\" \/><\/p>\n<p>&nbsp;<\/p>\n<p><img loading=\"lazy\" class=\"aligncenter size-large wp-image-8257\" src=\"https:\/\/istac.org.tr\/wp-content\/uploads\/2018\/02\/IMG_1664-1024x683.jpg\" alt=\"\" width=\"1024\" height=\"683\" srcset=\"https:\/\/istac.org.tr\/wp-content\/uploads\/2018\/02\/IMG_1664-1024x683.jpg 1024w, https:\/\/istac.org.tr\/wp-content\/uploads\/2018\/02\/IMG_1664-300x200.jpg 300w, https:\/\/istac.org.tr\/wp-content\/uploads\/2018\/02\/IMG_1664-768x512.jpg 768w\" sizes=\"(max-width: 1024px) 100vw, 1024px\" \/><\/p>\n<p><img loading=\"lazy\" class=\"aligncenter size-large wp-image-8259\" src=\"https:\/\/istac.org.tr\/wp-content\/uploads\/2018\/02\/ISTAC-TRAC-Toplu-1024x312.png\" alt=\"\" width=\"1024\" height=\"312\" srcset=\"https:\/\/istac.org.tr\/wp-content\/uploads\/2018\/02\/ISTAC-TRAC-Toplu-1024x312.png 1024w, https:\/\/istac.org.tr\/wp-content\/uploads\/2018\/02\/ISTAC-TRAC-Toplu-300x91.png 300w, https:\/\/istac.org.tr\/wp-content\/uploads\/2018\/02\/ISTAC-TRAC-Toplu-768x234.png 768w\" sizes=\"(max-width: 1024px) 100vw, 1024px\" \/><\/p>\n","protected":false},"excerpt":{"rendered":"<p>\u0130stanbul Tahkim Merkezi ile Tahran B\u00f6lgesel Tahkim Merkezi&#8217;nin (TRAC) \u00fc\u00e7\u00fcnc\u00fc ortak konferans\u0131, 1 \u015eubat g\u00fcn\u00fc \u0130stanbul&#8217;da ISTAC&#8217;\u0131n ev sahipli\u011finde d\u00fczenlendi. T\u00fcrkiye Barolar Birli\u011fi Ba\u015fkan\u0131 Prof. Dr. Mertin Feyzio\u011flu, Fransa \u00f6nceki adalet Bakan\u0131 Dominque Perben ve ISTAC Genel Sekreteri Dr. Candan Yasan Tepeta\u015f&#8217;\u0131n a\u00e7\u0131l\u0131\u015f konumalar\u0131yla ba\u015flayan konferansta,\u00a0\u00dcrd\u00fcn eski Adalet Bakan\u0131 Aiman Odeh, \u0130ran \u015eehit Behe\u015fti \u00dcniversitesi<a href=\"https:\/\/istac.org.tr\/tr\/turkiye-ve-iran-tahkim-hukukculari-istanbulda-bulustu\/\">[&#8230;]<\/a><\/p>\n","protected":false},"author":1,"featured_media":0,"comment_status":"open","ping_status":"open","sticky":false,"template":"","format":"standard","meta":[],"categories":[4,3,49],"tags":[],"acf":[],"post_mailing_queue_ids":[],"_links":{"self":[{"href":"https:\/\/istac.org.tr\/tr\/wp-json\/wp\/v2\/posts\/8234\/"}],"collection":[{"href":"https:\/\/istac.org.tr\/tr\/wp-json\/wp\/v2\/posts\/"}],"about":[{"href":"https:\/\/istac.org.tr\/tr\/wp-json\/wp\/v2\/types\/post\/"}],"author":[{"embeddable":true,"href":"https:\/\/istac.org.tr\/tr\/wp-json\/wp\/v2\/users\/1\/"}],"replies":[{"embeddable":true,"href":"https:\/\/istac.org.tr\/tr\/wp-json\/wp\/v2\/comments\/?post=8234"}],"version-history":[{"count":2,"href":"https:\/\/istac.org.tr\/tr\/wp-json\/wp\/v2\/posts\/8234\/revisions\/"}],"predecessor-version":[{"id":8262,"href":"https:\/\/istac.org.tr\/tr\/wp-json\/wp\/v2\/posts\/8234\/revisions\/8262\/"}],"wp:attachment":[{"href":"https:\/\/istac.org.tr\/tr\/wp-json\/wp\/v2\/media\/?parent=8234"}],"wp:term":[{"taxonomy":"category","embeddable":true,"href":"https:\/\/istac.org.tr\/tr\/wp-json\/wp\/v2\/categories\/?post=8234"},{"taxonomy":"post_tag","embeddable":true,"href":"https:\/\/istac.org.tr\/tr\/wp-json\/wp\/v2\/tags\/?post=8234"}],"curies":[{"name":"wp","href":"https:\/\/api.w.org\/{rel}","templated":true}]}}