{"id":8155,"date":"2018-01-19T20:31:01","date_gmt":"2018-01-19T18:31:01","guid":{"rendered":"https:\/\/istac.org.tr\/?p=8155"},"modified":"2018-02-02T06:35:58","modified_gmt":"2018-02-02T04:35:58","slug":"1-subat-2018-istac-trac-ortak-konferansi","status":"publish","type":"post","link":"https:\/\/istac.org.tr\/tr\/1-subat-2018-istac-trac-ortak-konferansi\/","title":{"rendered":"1 \u015eubat 2018- ISTAC &#038; TRAC Ortak Konferans\u0131"},"content":{"rendered":"<p>\u0130stanbul Tahkim Merkezi (ISTAC) ile Tahran B\u00f6lgesel Tahkim Merkezi\u2019nin (TRAC) \u00dc\u00e7\u00fcnc\u00fc Ortak Konferans\u0131, 1 \u015eubat 2018 Per\u015fembe g\u00fcn\u00fc \u0130stanbul&#8217;da d\u00fczenleniyor.<\/p>\n<p>Paris ve Tahran\u2019dan sonra \u0130stanbul&#8217;da ger\u00e7ekle\u015fecek bu konferansta, her iki kurumun kurallar\u0131 ve avantajlar\u0131n\u0131n tan\u0131t\u0131lmas\u0131 ve bu kurumlar\u0131n, di\u011fer b\u00f6lgesel tahkim merkezleri ile uluslararas\u0131 tahkim kurumlar\u0131na nazaran milletleraras\u0131 uyu\u015fmazl\u0131klar\u0131n \u00e7\u00f6z\u00fcmlenmesinde neden daha iyi bir alternatif sunduklar\u0131n\u0131 a\u00e7\u0131klama amac\u0131 ta\u015f\u0131yor.<\/p>\n<p>Yar\u0131m g\u00fcnl\u00fck bu programa, avukatlar, tahkim uygulamac\u0131lar\u0131, akademisyenler ile i\u015f d\u00fcnyas\u0131n\u0131n kat\u0131l\u0131m\u0131 ama\u00e7lanmaktad\u0131r.<\/p>\n<p>Konferansta,\u00a0<strong><em>Prof. Dr. Metin Feyzio\u011flu <\/em><\/strong>(T\u00fcrkiye Barolar Birli\u011fi (TBB) Ba\u015fkan\u0131),\u00a0<strong><em>Dominique Perben <\/em><\/strong>(Fransa \u00f6nceki Adalet Bakan\u0131, Betto Seraglini Hukuk B\u00fcrosu Orta\u011f\u0131),\u00a0<strong><em>Prof. Dr. Ziya Ak\u0131nc\u0131<\/em><\/strong>\u00a0(ISTAC Ba\u015fkan\u0131),\u00a0<strong><em>Dr. Hamid Gharavi\u00a0<\/em><\/strong><em>(<\/em>Derains &amp; Gharavi Hukuk B\u00fcrosu, ISTAC Divan \u00dcyesi),\u00a0<strong><em>Prof. Dr. Erc\u00fcment Erdem<\/em><\/strong>\u00a0(Ticaret Hukuku Profes\u00f6r\u00fc, Erdem &amp; Erdem Hukuk B\u00fcrosu Kurucu Orta\u011f\u0131, ISTAC Dan\u0131\u015fma Kurulu \u00dcyesi),\u00a0<strong><em>Dr. Oveis Rezvanian<\/em><\/strong>\u00a0(TRAC Ba\u015fkan\u0131),\u00a0<strong><em>Prof. Dr. M.J. Ghanbari <\/em><\/strong>(Behesti \u00dcniversitesi Hukuk Profes\u00f6r\u00fc) ve\u00a0<strong><em>Aiman Odeh <\/em><\/strong>(\u00dcrd\u00fcn \u00f6nceski Adalet Bakan\u0131, Bakr &amp; Odeh Advocates &amp; Legal Consultants Hukuk B\u00fcrosu Orta\u011f\u0131) yer alacaklard\u0131r.<\/p>\n<p>&nbsp;<\/p>\n<p><img loading=\"lazy\" class=\"aligncenter size-full wp-image-8156\" src=\"https:\/\/istac.org.tr\/wp-content\/uploads\/2018\/01\/istac-trac-konferans-sm.jpeg\" alt=\"\" width=\"1000\" height=\"718\" srcset=\"https:\/\/istac.org.tr\/wp-content\/uploads\/2018\/01\/istac-trac-konferans-sm.jpeg 1000w, https:\/\/istac.org.tr\/wp-content\/uploads\/2018\/01\/istac-trac-konferans-sm-300x215.jpeg 300w, https:\/\/istac.org.tr\/wp-content\/uploads\/2018\/01\/istac-trac-konferans-sm-768x551.jpeg 768w\" sizes=\"(max-width: 1000px) 100vw, 1000px\" \/><\/p>\n","protected":false},"excerpt":{"rendered":"<p>\u0130stanbul Tahkim Merkezi (ISTAC) ile Tahran B\u00f6lgesel Tahkim Merkezi\u2019nin (TRAC) \u00dc\u00e7\u00fcnc\u00fc Ortak Konferans\u0131, 1 \u015eubat 2018 Per\u015fembe g\u00fcn\u00fc \u0130stanbul&#8217;da d\u00fczenleniyor. Paris ve Tahran\u2019dan sonra \u0130stanbul&#8217;da ger\u00e7ekle\u015fecek bu konferansta, her iki kurumun kurallar\u0131 ve avantajlar\u0131n\u0131n tan\u0131t\u0131lmas\u0131 ve bu kurumlar\u0131n, di\u011fer b\u00f6lgesel tahkim merkezleri ile uluslararas\u0131 tahkim kurumlar\u0131na nazaran milletleraras\u0131 uyu\u015fmazl\u0131klar\u0131n \u00e7\u00f6z\u00fcmlenmesinde neden daha iyi bir alternatif<a href=\"https:\/\/istac.org.tr\/tr\/1-subat-2018-istac-trac-ortak-konferansi\/\">[&#8230;]<\/a><\/p>\n","protected":false},"author":1,"featured_media":0,"comment_status":"open","ping_status":"open","sticky":false,"template":"","format":"standard","meta":[],"categories":[5,4,3,49],"tags":[],"acf":[],"post_mailing_queue_ids":[],"_links":{"self":[{"href":"https:\/\/istac.org.tr\/tr\/wp-json\/wp\/v2\/posts\/8155\/"}],"collection":[{"href":"https:\/\/istac.org.tr\/tr\/wp-json\/wp\/v2\/posts\/"}],"about":[{"href":"https:\/\/istac.org.tr\/tr\/wp-json\/wp\/v2\/types\/post\/"}],"author":[{"embeddable":true,"href":"https:\/\/istac.org.tr\/tr\/wp-json\/wp\/v2\/users\/1\/"}],"replies":[{"embeddable":true,"href":"https:\/\/istac.org.tr\/tr\/wp-json\/wp\/v2\/comments\/?post=8155"}],"version-history":[{"count":5,"href":"https:\/\/istac.org.tr\/tr\/wp-json\/wp\/v2\/posts\/8155\/revisions\/"}],"predecessor-version":[{"id":8188,"href":"https:\/\/istac.org.tr\/tr\/wp-json\/wp\/v2\/posts\/8155\/revisions\/8188\/"}],"wp:attachment":[{"href":"https:\/\/istac.org.tr\/tr\/wp-json\/wp\/v2\/media\/?parent=8155"}],"wp:term":[{"taxonomy":"category","embeddable":true,"href":"https:\/\/istac.org.tr\/tr\/wp-json\/wp\/v2\/categories\/?post=8155"},{"taxonomy":"post_tag","embeddable":true,"href":"https:\/\/istac.org.tr\/tr\/wp-json\/wp\/v2\/tags\/?post=8155"}],"curies":[{"name":"wp","href":"https:\/\/api.w.org\/{rel}","templated":true}]}}