{"id":7886,"date":"2017-12-22T14:55:17","date_gmt":"2017-12-22T12:55:17","guid":{"rendered":"https:\/\/istac.org.tr\/?p=7886"},"modified":"2018-01-08T14:43:01","modified_gmt":"2018-01-08T12:43:01","slug":"mersin-barosuyla-avukatlar-icin-tahkim-konferansini-gerceklestirdik","status":"publish","type":"post","link":"https:\/\/istac.org.tr\/tr\/mersin-barosuyla-avukatlar-icin-tahkim-konferansini-gerceklestirdik\/","title":{"rendered":"Mersin Barosuyla &#8220;Avukatlar \u0130\u00e7in Tahkim&#8221; Konferans\u0131n\u0131 Ger\u00e7ekle\u015ftirdik"},"content":{"rendered":"<p>\u0130STANBUL Tahkim Merkezi\u2019nin (ISTAC) \u201cBaro Bulu\u015fmalar\u0131\u201d, 22 Aral\u0131k 2017 g\u00fcn\u00fc Mersin Barosu\u2019nda d\u00fczenlenen konferansla devam etti. \u201cAvukatlar i\u00e7in Tahkim ve \u0130stanbul Tahkim Merkezi\u201d konulu konferansta ISTAC Y\u00f6netim Kurulu \u00dcyesi Av. M. R\u0131fat Bacanl\u0131 ve Genel Sekreter Yrd. Do\u00e7. Dr. Candan Yasan Tepeta\u015f, Mersinli avukatlara ISTAC tahkimini tan\u0131tt\u0131.<\/p>\n<p>Konferansa ev sahipli\u011fi yapan Mersin Barosu Ba\u015fkan\u0131\u00a0Av. Ali Er, \u201cUyu\u015fmazl\u0131klarda tahkim yoluyla \u00e7\u00f6z\u00fcm\u00fcn yayg\u0131nla\u015fmas\u0131yla, gelecekte tahkim avukatlar\u0131na daha \u00e7ok ihtiya\u00e7 duyulacak\u201d dedi. Liman ve ticaret \u015fehri olan, serbest b\u00f6lgesi bulunan Mersin\u2019de s\u0131k s\u0131k uyu\u015fmazl\u0131klar ya\u015fand\u0131\u011f\u0131n\u0131 belirten Baro Ba\u015fkan\u0131 Er, \u201cMersin Barosu olarak, tahkim yarg\u0131lamas\u0131na olan ilginin ve \u00f6nemin giderek artmas\u0131 nedeniyle,\u00a0\u0130stanbul Tahkim Merkezi\u00a0ile birlikte meslekta\u015flar\u0131m\u0131z\u0131 bu alanda daha aktif olmaya \u00e7a\u011f\u0131r\u0131yoruz\u201d mesaj\u0131n\u0131 verdi.<\/p>\n<p>ISTAC Y\u00f6netim Kurulu\u2019nda T\u00fcrkiye Barolar Birli\u011fi\u2019ni temsil eden Av. R\u0131fat Bacanl\u0131 ise, konu\u015fmas\u0131nda Mersin\u2019in b\u00f6lge ekonomisi a\u00e7\u0131s\u0131ndan konumuna dikkat \u00e7ekti. Bacanl\u0131, \u201cTar\u0131msal altyap\u0131, sanayi ve ticaretin geli\u015fmi\u015f olmas\u0131 sebebiyle Mersin\u2019in ve serbest b\u00f6lgenin, ISTAC ile birlikte tahkim yap\u0131lan b\u00f6lgesel bir merkez haline gelmesi m\u00fcmk\u00fcnd\u00fcr. Ayr\u0131ca tahkim, hakemlik yapacak olan avukatlara gelir kayna\u011f\u0131 olacakt\u0131r. Hukukun gelece\u011fi tahkimdir\u201d dedi.<\/p>\n<p>ISTAC Genel Sekreteri Yrd. Do\u00e7. Dr. Candan Yasan Tepeta\u015f da sunumunda, avukatlar i\u00e7in tahkimin yaratt\u0131\u011f\u0131 f\u0131rsatlar\u0131 anlatt\u0131. Tepeta\u015f; \u201cTahkimi t\u00fcm avukatlar yapabilir. Tahkim, uzmanla\u015fm\u0131\u015f bir yarg\u0131lama yoludur. \u00dcstelik yerel uyu\u015fmazl\u0131klarda pahal\u0131 olmayan bir sistemdir. K\u0131sa s\u00fcrede sonuca g\u00f6t\u00fcrmesi a\u00e7\u0131s\u0131ndan da avantajl\u0131d\u0131r\u201d diye konu\u015ftu.<\/p>\n<p>Konferans\u0131n sonunda Baro Ba\u015fkan\u0131 Av. Ali Er ve Ba\u015fkan Yard\u0131mc\u0131s\u0131 Av. Gazi \u00d6zdemir, ISTAC ad\u0131na Mersin\u2019de sunum yapan R\u0131fat Bacanl\u0131 ve Candan Yasan Tepeta\u015f\u2019a plaket takdim etti.<\/p>\n<p><img loading=\"lazy\" class=\"aligncenter size-large wp-image-7887\" src=\"https:\/\/istac.org.tr\/wp-content\/uploads\/2017\/12\/20171222-Mersin-Barosu-Konferans_1-1024x562.jpg\" alt=\"\" width=\"1024\" height=\"562\" srcset=\"https:\/\/istac.org.tr\/wp-content\/uploads\/2017\/12\/20171222-Mersin-Barosu-Konferans_1-1024x562.jpg 1024w, https:\/\/istac.org.tr\/wp-content\/uploads\/2017\/12\/20171222-Mersin-Barosu-Konferans_1-300x165.jpg 300w, https:\/\/istac.org.tr\/wp-content\/uploads\/2017\/12\/20171222-Mersin-Barosu-Konferans_1-768x422.jpg 768w, https:\/\/istac.org.tr\/wp-content\/uploads\/2017\/12\/20171222-Mersin-Barosu-Konferans_1.jpg 2048w\" sizes=\"(max-width: 1024px) 100vw, 1024px\" \/><\/p>\n<p><img loading=\"lazy\" class=\"aligncenter size-large wp-image-7889\" src=\"https:\/\/istac.org.tr\/wp-content\/uploads\/2017\/12\/20171222-Mersin-Barosu-Konferans_2.jpg\" alt=\"\" width=\"960\" height=\"773\" srcset=\"https:\/\/istac.org.tr\/wp-content\/uploads\/2017\/12\/20171222-Mersin-Barosu-Konferans_2.jpg 960w, https:\/\/istac.org.tr\/wp-content\/uploads\/2017\/12\/20171222-Mersin-Barosu-Konferans_2-300x242.jpg 300w, https:\/\/istac.org.tr\/wp-content\/uploads\/2017\/12\/20171222-Mersin-Barosu-Konferans_2-768x618.jpg 768w\" sizes=\"(max-width: 960px) 100vw, 960px\" \/><\/p>\n<p><img loading=\"lazy\" class=\"aligncenter size-large wp-image-7891\" src=\"https:\/\/istac.org.tr\/wp-content\/uploads\/2017\/12\/20171222-Mersin-Barosu-Konferans_3.jpg\" alt=\"\" width=\"960\" height=\"640\" srcset=\"https:\/\/istac.org.tr\/wp-content\/uploads\/2017\/12\/20171222-Mersin-Barosu-Konferans_3.jpg 960w, https:\/\/istac.org.tr\/wp-content\/uploads\/2017\/12\/20171222-Mersin-Barosu-Konferans_3-300x200.jpg 300w, https:\/\/istac.org.tr\/wp-content\/uploads\/2017\/12\/20171222-Mersin-Barosu-Konferans_3-768x512.jpg 768w\" sizes=\"(max-width: 960px) 100vw, 960px\" \/><\/p>\n","protected":false},"excerpt":{"rendered":"<p>\u0130STANBUL Tahkim Merkezi\u2019nin (ISTAC) \u201cBaro Bulu\u015fmalar\u0131\u201d, 22 Aral\u0131k 2017 g\u00fcn\u00fc Mersin Barosu\u2019nda d\u00fczenlenen konferansla devam etti. \u201cAvukatlar i\u00e7in Tahkim ve \u0130stanbul Tahkim Merkezi\u201d konulu konferansta ISTAC Y\u00f6netim Kurulu \u00dcyesi Av. M. R\u0131fat Bacanl\u0131 ve Genel Sekreter Yrd. Do\u00e7. Dr. Candan Yasan Tepeta\u015f, Mersinli avukatlara ISTAC tahkimini tan\u0131tt\u0131. Konferansa ev sahipli\u011fi yapan Mersin Barosu Ba\u015fkan\u0131\u00a0Av. Ali<a href=\"https:\/\/istac.org.tr\/tr\/mersin-barosuyla-avukatlar-icin-tahkim-konferansini-gerceklestirdik\/\">[&#8230;]<\/a><\/p>\n","protected":false},"author":1,"featured_media":0,"comment_status":"open","ping_status":"open","sticky":false,"template":"","format":"standard","meta":[],"categories":[4,3,49],"tags":[],"acf":[],"post_mailing_queue_ids":[],"_links":{"self":[{"href":"https:\/\/istac.org.tr\/tr\/wp-json\/wp\/v2\/posts\/7886\/"}],"collection":[{"href":"https:\/\/istac.org.tr\/tr\/wp-json\/wp\/v2\/posts\/"}],"about":[{"href":"https:\/\/istac.org.tr\/tr\/wp-json\/wp\/v2\/types\/post\/"}],"author":[{"embeddable":true,"href":"https:\/\/istac.org.tr\/tr\/wp-json\/wp\/v2\/users\/1\/"}],"replies":[{"embeddable":true,"href":"https:\/\/istac.org.tr\/tr\/wp-json\/wp\/v2\/comments\/?post=7886"}],"version-history":[{"count":2,"href":"https:\/\/istac.org.tr\/tr\/wp-json\/wp\/v2\/posts\/7886\/revisions\/"}],"predecessor-version":[{"id":8058,"href":"https:\/\/istac.org.tr\/tr\/wp-json\/wp\/v2\/posts\/7886\/revisions\/8058\/"}],"wp:attachment":[{"href":"https:\/\/istac.org.tr\/tr\/wp-json\/wp\/v2\/media\/?parent=7886"}],"wp:term":[{"taxonomy":"category","embeddable":true,"href":"https:\/\/istac.org.tr\/tr\/wp-json\/wp\/v2\/categories\/?post=7886"},{"taxonomy":"post_tag","embeddable":true,"href":"https:\/\/istac.org.tr\/tr\/wp-json\/wp\/v2\/tags\/?post=7886"}],"curies":[{"name":"wp","href":"https:\/\/api.w.org\/{rel}","templated":true}]}}