{"id":7614,"date":"2017-11-23T07:01:54","date_gmt":"2017-11-23T05:01:54","guid":{"rendered":"https:\/\/istac.org.tr\/?p=7614"},"modified":"2017-12-13T07:08:21","modified_gmt":"2017-12-13T05:08:21","slug":"istac-tahkimini-turk-alman-ve-avusturyali-taraflarla-paylastik","status":"publish","type":"post","link":"https:\/\/istac.org.tr\/tr\/istac-tahkimini-turk-alman-ve-avusturyali-taraflarla-paylastik\/","title":{"rendered":"ISTAC Tahkimini T\u00fcrk, Alman ve Avusturyal\u0131 Taraflarla Payla\u015ft\u0131k"},"content":{"rendered":"<p>22 Kas\u0131m 2017 g\u00fcn\u00fc \u0130stanbul\u2019da d\u00fczenlenen konferansta, ISTAC Tahkim Kurallar\u0131 ve Seri Tahkim usul\u00fcn\u00fc, Alman ve Avusturyal\u0131 tahkim uygulamac\u0131lar\u0131 ile T\u00fcrkiye\u2019deki kurum avukatlar\u0131yla payla\u015ft\u0131k. ISTAC ad\u0131na Genel Sekreter Dr. Candan Yasan Tepeta\u015f ve Gen\u00e7 ISTAC Y\u00fcr\u00fctme Kurulu Ba\u015fkan\u0131 Av. Ay\u00e7a Ayd\u0131n&#8217;\u0131n kat\u0131ld\u0131\u011f\u0131 bu etkinlikte kurum avukatlar\u0131, i\u015f adamlar\u0131 ve sanayicilerle beraber ISTAC tahkiminin avantajlar\u0131n\u0131 de\u011ferlendirdik.<\/p>\n<p>Bu etkinli\u011fin ger\u00e7ekle\u015ftirilmesini sa\u011flayan CMS \u0130stanbul, DEIK, T\u00fcrk-Alman Ticaret ve Sanayi Odas\u0131, Avusturya Ticaret Komisyonu, Avusturya-T\u00fcrkiye Ticari \u0130\u015fbirli\u011fi Komisyonu ve T\u00fcrk ile Avusturyal\u0131 Giri\u015fimciler ve Sanayiciler Derne\u011fine te\u015fekk\u00fcr ederiz.<\/p>\n<p><img loading=\"lazy\" class=\"aligncenter size-full wp-image-7615\" src=\"https:\/\/istac.org.tr\/wp-content\/uploads\/2017\/12\/20171122-CMS-ISTAC-ATIS-Event.jpg\" alt=\"\" width=\"960\" height=\"720\" srcset=\"https:\/\/istac.org.tr\/wp-content\/uploads\/2017\/12\/20171122-CMS-ISTAC-ATIS-Event.jpg 960w, https:\/\/istac.org.tr\/wp-content\/uploads\/2017\/12\/20171122-CMS-ISTAC-ATIS-Event-300x225.jpg 300w, https:\/\/istac.org.tr\/wp-content\/uploads\/2017\/12\/20171122-CMS-ISTAC-ATIS-Event-768x576.jpg 768w\" sizes=\"(max-width: 960px) 100vw, 960px\" \/><\/p>\n","protected":false},"excerpt":{"rendered":"<p>22 Kas\u0131m 2017 g\u00fcn\u00fc \u0130stanbul\u2019da d\u00fczenlenen konferansta, ISTAC Tahkim Kurallar\u0131 ve Seri Tahkim usul\u00fcn\u00fc, Alman ve Avusturyal\u0131 tahkim uygulamac\u0131lar\u0131 ile T\u00fcrkiye\u2019deki kurum avukatlar\u0131yla payla\u015ft\u0131k. ISTAC ad\u0131na Genel Sekreter Dr. Candan Yasan Tepeta\u015f ve Gen\u00e7 ISTAC Y\u00fcr\u00fctme Kurulu Ba\u015fkan\u0131 Av. Ay\u00e7a Ayd\u0131n&#8217;\u0131n kat\u0131ld\u0131\u011f\u0131 bu etkinlikte kurum avukatlar\u0131, i\u015f adamlar\u0131 ve sanayicilerle beraber ISTAC tahkiminin avantajlar\u0131n\u0131 de\u011ferlendirdik.<a href=\"https:\/\/istac.org.tr\/tr\/istac-tahkimini-turk-alman-ve-avusturyali-taraflarla-paylastik\/\">[&#8230;]<\/a><\/p>\n","protected":false},"author":1,"featured_media":0,"comment_status":"open","ping_status":"open","sticky":false,"template":"","format":"standard","meta":[],"categories":[4,3,49],"tags":[],"acf":[],"post_mailing_queue_ids":[],"_links":{"self":[{"href":"https:\/\/istac.org.tr\/tr\/wp-json\/wp\/v2\/posts\/7614\/"}],"collection":[{"href":"https:\/\/istac.org.tr\/tr\/wp-json\/wp\/v2\/posts\/"}],"about":[{"href":"https:\/\/istac.org.tr\/tr\/wp-json\/wp\/v2\/types\/post\/"}],"author":[{"embeddable":true,"href":"https:\/\/istac.org.tr\/tr\/wp-json\/wp\/v2\/users\/1\/"}],"replies":[{"embeddable":true,"href":"https:\/\/istac.org.tr\/tr\/wp-json\/wp\/v2\/comments\/?post=7614"}],"version-history":[{"count":1,"href":"https:\/\/istac.org.tr\/tr\/wp-json\/wp\/v2\/posts\/7614\/revisions\/"}],"predecessor-version":[{"id":7617,"href":"https:\/\/istac.org.tr\/tr\/wp-json\/wp\/v2\/posts\/7614\/revisions\/7617\/"}],"wp:attachment":[{"href":"https:\/\/istac.org.tr\/tr\/wp-json\/wp\/v2\/media\/?parent=7614"}],"wp:term":[{"taxonomy":"category","embeddable":true,"href":"https:\/\/istac.org.tr\/tr\/wp-json\/wp\/v2\/categories\/?post=7614"},{"taxonomy":"post_tag","embeddable":true,"href":"https:\/\/istac.org.tr\/tr\/wp-json\/wp\/v2\/tags\/?post=7614"}],"curies":[{"name":"wp","href":"https:\/\/api.w.org\/{rel}","templated":true}]}}