{"id":7561,"date":"2017-12-08T10:08:04","date_gmt":"2017-12-08T08:08:04","guid":{"rendered":"https:\/\/istac.org.tr\/?p=7561"},"modified":"2017-12-12T10:09:11","modified_gmt":"2017-12-12T08:09:11","slug":"16-aralik-2017-gelecegin-tahkim-avukatlarina-yonelik-uygulamada-birlesme-ve-devralmalar-egitimi","status":"publish","type":"post","link":"https:\/\/istac.org.tr\/tr\/16-aralik-2017-gelecegin-tahkim-avukatlarina-yonelik-uygulamada-birlesme-ve-devralmalar-egitimi\/","title":{"rendered":"16 Aral\u0131k 2017- Gelece\u011fin Tahkim Avukatlar\u0131na Y\u00f6nelik Uygulamada Birle\u015fme ve Devralmalar E\u011fitimi"},"content":{"rendered":"<p>28-29 Nisan 2018 tarihleri aras\u0131nda duru\u015fmalar\u0131 ger\u00e7ekle\u015ftirilecek olan II. Gelece\u011fin Tahkim Avukat\u0131 Yar\u0131\u015fmas\u0131\u2019na kat\u0131lmak \u00fczere ba\u015fvuru yapm\u0131\u015f veya yapacak olan tak\u0131mlar\u0131m\u0131z\u0131n yar\u0131\u015fmaya y\u00f6nelik bilgi ve tecr\u00fcbelerini geli\u015ftirmek ad\u0131na, <strong>16 Aral\u0131k 2017 Cumartesi g\u00fcn\u00fc saat 11.00-15.00 aras\u0131nd<\/strong>a \u201c<em>Gelece\u011fin Tahkim Avukatlar\u0131 i\u00e7in Uygulamada Birle\u015fme ve Devralmalar<\/em>\u201d ba\u015fl\u0131kl\u0131 bir e\u011fitim d\u00fczenlemekteyiz.<\/p>\n<table border=\"0\" cellspacing=\"0\" cellpadding=\"0\">\n<tbody>\n<tr>\n<td><strong>Tarih<\/strong><\/td>\n<td>16 Aral\u0131k 2017<\/td>\n<\/tr>\n<tr>\n<td><strong>Saat<\/strong><\/td>\n<td>11.00-15.00<\/td>\n<\/tr>\n<tr>\n<td><strong>Yer<\/strong><\/td>\n<td>Workinton Levent 199<\/td>\n<\/tr>\n<tr>\n<td><strong>E\u011fitmenler<\/strong><\/td>\n<td>Av. Demet Ka\u015farc\u0131o\u011flu, <em>Esin Avukatl\u0131k Ortakl\u0131\u011f\u0131<\/em><\/td>\n<\/tr>\n<tr>\n<td><\/td>\n<td>Av. Arda Barlas, <em>Esin Avukatl\u0131k Ortakl\u0131\u011f\u0131<\/em><\/td>\n<\/tr>\n<\/tbody>\n<\/table>\n<p>\u00dccretsiz olan bu e\u011fitime kat\u0131lmak isteyen yar\u0131\u015fmac\u0131lar\u0131n, bu\u00a0<a href=\"https:\/\/docs.google.com\/forms\/d\/1TBhe2-nCOICMhuY_FnogAVQDsEaYTx9oGXQRnn7cjx8\/viewform?edit_requested=true\">linkteki<\/a>\u00a0kat\u0131l\u0131m formunu doldurmalar\u0131 gerekmektedir.<\/p>\n<p><img loading=\"lazy\" class=\"aligncenter size-full wp-image-7562\" src=\"https:\/\/istac.org.tr\/wp-content\/uploads\/2017\/12\/20171216-GTAY-Egitim.jpg\" alt=\"\" width=\"940\" height=\"788\" srcset=\"https:\/\/istac.org.tr\/wp-content\/uploads\/2017\/12\/20171216-GTAY-Egitim.jpg 940w, https:\/\/istac.org.tr\/wp-content\/uploads\/2017\/12\/20171216-GTAY-Egitim-300x251.jpg 300w, https:\/\/istac.org.tr\/wp-content\/uploads\/2017\/12\/20171216-GTAY-Egitim-768x644.jpg 768w\" sizes=\"(max-width: 940px) 100vw, 940px\" \/><\/p>\n","protected":false},"excerpt":{"rendered":"<p>28-29 Nisan 2018 tarihleri aras\u0131nda duru\u015fmalar\u0131 ger\u00e7ekle\u015ftirilecek olan II. Gelece\u011fin Tahkim Avukat\u0131 Yar\u0131\u015fmas\u0131\u2019na kat\u0131lmak \u00fczere ba\u015fvuru yapm\u0131\u015f veya yapacak olan tak\u0131mlar\u0131m\u0131z\u0131n yar\u0131\u015fmaya y\u00f6nelik bilgi ve tecr\u00fcbelerini geli\u015ftirmek ad\u0131na, 16 Aral\u0131k 2017 Cumartesi g\u00fcn\u00fc saat 11.00-15.00 aras\u0131nda \u201cGelece\u011fin Tahkim Avukatlar\u0131 i\u00e7in Uygulamada Birle\u015fme ve Devralmalar\u201d ba\u015fl\u0131kl\u0131 bir e\u011fitim d\u00fczenlemekteyiz. Tarih 16 Aral\u0131k 2017 Saat 11.00-15.00 Yer<a href=\"https:\/\/istac.org.tr\/tr\/16-aralik-2017-gelecegin-tahkim-avukatlarina-yonelik-uygulamada-birlesme-ve-devralmalar-egitimi\/\">[&#8230;]<\/a><\/p>\n","protected":false},"author":1,"featured_media":0,"comment_status":"open","ping_status":"open","sticky":false,"template":"","format":"standard","meta":[],"categories":[5,50,4,32,3],"tags":[],"acf":[],"post_mailing_queue_ids":[],"_links":{"self":[{"href":"https:\/\/istac.org.tr\/tr\/wp-json\/wp\/v2\/posts\/7561\/"}],"collection":[{"href":"https:\/\/istac.org.tr\/tr\/wp-json\/wp\/v2\/posts\/"}],"about":[{"href":"https:\/\/istac.org.tr\/tr\/wp-json\/wp\/v2\/types\/post\/"}],"author":[{"embeddable":true,"href":"https:\/\/istac.org.tr\/tr\/wp-json\/wp\/v2\/users\/1\/"}],"replies":[{"embeddable":true,"href":"https:\/\/istac.org.tr\/tr\/wp-json\/wp\/v2\/comments\/?post=7561"}],"version-history":[{"count":1,"href":"https:\/\/istac.org.tr\/tr\/wp-json\/wp\/v2\/posts\/7561\/revisions\/"}],"predecessor-version":[{"id":7564,"href":"https:\/\/istac.org.tr\/tr\/wp-json\/wp\/v2\/posts\/7561\/revisions\/7564\/"}],"wp:attachment":[{"href":"https:\/\/istac.org.tr\/tr\/wp-json\/wp\/v2\/media\/?parent=7561"}],"wp:term":[{"taxonomy":"category","embeddable":true,"href":"https:\/\/istac.org.tr\/tr\/wp-json\/wp\/v2\/categories\/?post=7561"},{"taxonomy":"post_tag","embeddable":true,"href":"https:\/\/istac.org.tr\/tr\/wp-json\/wp\/v2\/tags\/?post=7561"}],"curies":[{"name":"wp","href":"https:\/\/api.w.org\/{rel}","templated":true}]}}