{"id":6351,"date":"2017-07-07T07:40:21","date_gmt":"2017-07-07T04:40:21","guid":{"rendered":"https:\/\/istac.org.tr\/?p=6351"},"modified":"2017-07-13T07:47:30","modified_gmt":"2017-07-13T04:47:30","slug":"istac-tahran-bolgsel-tahkim-merkezi-ile-iranda-konferans-duzenledi","status":"publish","type":"post","link":"https:\/\/istac.org.tr\/tr\/istac-tahran-bolgsel-tahkim-merkezi-ile-iranda-konferans-duzenledi\/","title":{"rendered":"ISTAC, Tahran B\u00f6lgsel Tahkim Merkezi ile \u0130ran&#8217;da Konferans D\u00fczenledi"},"content":{"rendered":"<p style=\"text-align: justify;\">\u0130stanbul Tahkim Merkezi&#8217;nin (ISTAC), etkinli\u011fini uluslararas\u0131 arenaya ta\u015f\u0131ma hedefiyle ba\u015flatt\u0131\u011f\u0131 \u00e7al\u0131\u015fmalar kapsam\u0131nda, Tahran B\u00f6lgesel Tahkim Merkezi (TRAC) ile 5 Temmuz 2017 tarihinde \u0130ran&#8217;da ortakla\u015fa d\u00fczenledi\u011fi konferansta, tahkim hukuk\u00e7ular\u0131 b\u00f6lgesel f\u0131rsatlar ve i\u015fbirli\u011fi ko\u015fullar\u0131n\u0131 de\u011ferlendirdi.<\/p>\n<p style=\"text-align: justify;\">ISTAC Ba\u015fkan\u0131 Prof. Dr. Ziya Ak\u0131nc\u0131, konferansta yapt\u0131\u011f\u0131 konu\u015fmada, \u201cISTAC-TRAC i\u015fbirli\u011fi her iki \u00fclke tahkimi i\u00e7in az\u0131msanamayacak olanaklar sunuyor, bu olanaklar\u0131 f\u0131rsata d\u00f6n\u00fc\u015ft\u00fcr\u00fclebilir\u201d mesaj\u0131n\u0131 verdi. Tahran konferans\u0131n\u0131n da bu i\u015fbirli\u011fi y\u00f6n\u00fcnde at\u0131lm\u0131\u015f bir ad\u0131m oldu\u011funu hat\u0131rlatan Prof. Ak\u0131nc\u0131, art\u0131k b\u00f6lgesel tahkimin \u00f6nemini art\u0131rd\u0131\u011f\u0131n\u0131 vurgulad\u0131. Prof. Ak\u0131nc\u0131 konu\u015fmas\u0131nda, &#8220;\u0130ran, T\u00fcrk yat\u0131r\u0131mc\u0131lar i\u00e7in \u00e7ok \u00f6nemli bir pazar\u2026 Ayr\u0131ca bat\u0131 d\u00fcnyas\u0131ndan \u015firketlerin \u0130ran\u2019da yapaca\u011f\u0131 yat\u0131r\u0131mlar a\u00e7\u0131s\u0131ndan da, uyu\u015fmazl\u0131klar\u0131n \u00e7\u00f6z\u00fcm\u00fcnde ISTAC \u00f6nemli bir f\u0131rsat sunuyor. \u0130ki merkez aras\u0131ndaki i\u015fbirli\u011fi, b\u00f6lgesel a\u00e7\u0131dan ekonomik ve ticari b\u00fcy\u00fcmeyi beraberinde getirecek. B\u00f6lgesel tahkim merkezleri uyu\u015fmazl\u0131klara \u00e7\u00f6z\u00fcm arayan taraflar i\u00e7in de avantaj, zira taraflar\u0131 k\u00fclt\u00fcrel ve sosyal olarak anl\u0131yor ve ihtiya\u00e7lar\u0131na daha h\u0131zl\u0131 ve kolay cevap verebiliyorlar.\u201d dedi.<\/p>\n<p style=\"text-align: justify;\">ISTAC Genel Sekreteri Dr. Candan Yasan Tepeta\u015f ise, konferansta yapt\u0131\u011f\u0131 konu\u015fmas\u0131nda T\u00fcrkiye\u2019nin tahkim konusundaki hukuki altyap\u0131s\u0131n\u0131 anlatarak; T\u00fcrk hukukunun uluslararas\u0131 bir tahkim merkezi i\u00e7in t\u00fcm hukuki altyap\u0131ya sahip oldu\u011funu vurgulad\u0131.<\/p>\n<p style=\"text-align: justify;\">ISTAC Milletleraras\u0131 Tahkim Divan\u0131 \u00dcyesi\u00a0Dr. Hamid Gharavi de konferansta ISTAC-TRAC i\u015fbirli\u011fini de\u011ferlendirirken,\u00a0\u201cB\u00f6lgesel tahkim merkezlerinin, uluslararas\u0131 ticaret ve yabanc\u0131 yat\u0131r\u0131mc\u0131lar i\u00e7in sundu\u011fu g\u00fcvence, ekonomik, ticari ve hukuki geli\u015fmeyi de beraberinde getiriyor\u201c mesaj\u0131n\u0131 verdi.<\/p>\n<p style=\"text-align: justify;\">ISTAC Y\u00f6netim Kurulu Ba\u015fkan Vekili Mustafa \u00c7\u0131kr\u0131k\u00e7\u0131o\u011flu, Adalet Bakanl\u0131\u011f\u0131 Arabuluculuk Daire Ba\u015fkan\u0131 ve ISTAC Y\u00f6netim Kurulu \u00dcyesi Hakan \u00d6ztatar, ISTAC Y\u00f6netim Kurulu \u00fcyeleri M\u00fcjdat Ke\u00e7eci ve Rifat Bacanl\u0131 da Tahran konferans\u0131na kat\u0131ld\u0131 ve kurumun b\u00f6lgesel tan\u0131t\u0131m\u0131na katk\u0131 sa\u011flad\u0131.<\/p>\n<p style=\"text-align: justify;\">\u0130stanbul Tahkim Merkezi ile Tahran Tahkim Merkezi aras\u0131ndaki i\u015fbirli\u011finin ilk ad\u0131m\u0131, Aral\u0131k 2016\u2019da ger\u00e7ekle\u015ftirilen Paris konferans\u0131 ile at\u0131lm\u0131\u015ft\u0131. D\u00fcn Tahran\u2019da ortakla\u015fa d\u00fczenlenen toplant\u0131y\u0131, \u00f6n\u00fcm\u00fczdeki aylarda tahkim d\u00fcnyas\u0131n\u0131n \u00f6nde gelen isimlerini bulu\u015fturacak olan \u0130stanbul konferans\u0131 izleyecek.<\/p>\n<p style=\"text-align: justify;\">\n<p style=\"text-align: justify;\"><img loading=\"lazy\" class=\"alignnone size-large wp-image-6353\" src=\"https:\/\/istac.org.tr\/wp-content\/uploads\/2017\/07\/IMG_20170706_120122-1024x234.jpg\" alt=\"IMG_20170706_120122\" width=\"1024\" height=\"234\" srcset=\"https:\/\/istac.org.tr\/wp-content\/uploads\/2017\/07\/IMG_20170706_120122-1024x234.jpg 1024w, https:\/\/istac.org.tr\/wp-content\/uploads\/2017\/07\/IMG_20170706_120122-300x69.jpg 300w, https:\/\/istac.org.tr\/wp-content\/uploads\/2017\/07\/IMG_20170706_120122-768x176.jpg 768w, https:\/\/istac.org.tr\/wp-content\/uploads\/2017\/07\/IMG_20170706_120122.jpg 1280w\" sizes=\"(max-width: 1024px) 100vw, 1024px\" \/><\/p>\n<p style=\"text-align: justify;\">\n","protected":false},"excerpt":{"rendered":"<p>\u0130stanbul Tahkim Merkezi&#8217;nin (ISTAC), etkinli\u011fini uluslararas\u0131 arenaya ta\u015f\u0131ma hedefiyle ba\u015flatt\u0131\u011f\u0131 \u00e7al\u0131\u015fmalar kapsam\u0131nda, Tahran B\u00f6lgesel Tahkim Merkezi (TRAC) ile 5 Temmuz 2017 tarihinde \u0130ran&#8217;da ortakla\u015fa d\u00fczenledi\u011fi konferansta, tahkim hukuk\u00e7ular\u0131 b\u00f6lgesel f\u0131rsatlar ve i\u015fbirli\u011fi ko\u015fullar\u0131n\u0131 de\u011ferlendirdi. ISTAC Ba\u015fkan\u0131 Prof. Dr. Ziya Ak\u0131nc\u0131, konferansta yapt\u0131\u011f\u0131 konu\u015fmada, \u201cISTAC-TRAC i\u015fbirli\u011fi her iki \u00fclke tahkimi i\u00e7in az\u0131msanamayacak olanaklar sunuyor, bu olanaklar\u0131<a href=\"https:\/\/istac.org.tr\/tr\/istac-tahran-bolgsel-tahkim-merkezi-ile-iranda-konferans-duzenledi\/\">[&#8230;]<\/a><\/p>\n","protected":false},"author":1,"featured_media":0,"comment_status":"open","ping_status":"open","sticky":false,"template":"","format":"standard","meta":[],"categories":[4,3,49],"tags":[],"acf":[],"post_mailing_queue_ids":[],"_links":{"self":[{"href":"https:\/\/istac.org.tr\/tr\/wp-json\/wp\/v2\/posts\/6351\/"}],"collection":[{"href":"https:\/\/istac.org.tr\/tr\/wp-json\/wp\/v2\/posts\/"}],"about":[{"href":"https:\/\/istac.org.tr\/tr\/wp-json\/wp\/v2\/types\/post\/"}],"author":[{"embeddable":true,"href":"https:\/\/istac.org.tr\/tr\/wp-json\/wp\/v2\/users\/1\/"}],"replies":[{"embeddable":true,"href":"https:\/\/istac.org.tr\/tr\/wp-json\/wp\/v2\/comments\/?post=6351"}],"version-history":[{"count":4,"href":"https:\/\/istac.org.tr\/tr\/wp-json\/wp\/v2\/posts\/6351\/revisions\/"}],"predecessor-version":[{"id":6357,"href":"https:\/\/istac.org.tr\/tr\/wp-json\/wp\/v2\/posts\/6351\/revisions\/6357\/"}],"wp:attachment":[{"href":"https:\/\/istac.org.tr\/tr\/wp-json\/wp\/v2\/media\/?parent=6351"}],"wp:term":[{"taxonomy":"category","embeddable":true,"href":"https:\/\/istac.org.tr\/tr\/wp-json\/wp\/v2\/categories\/?post=6351"},{"taxonomy":"post_tag","embeddable":true,"href":"https:\/\/istac.org.tr\/tr\/wp-json\/wp\/v2\/tags\/?post=6351"}],"curies":[{"name":"wp","href":"https:\/\/api.w.org\/{rel}","templated":true}]}}