{"id":6266,"date":"2017-06-16T18:39:25","date_gmt":"2017-06-16T15:39:25","guid":{"rendered":"https:\/\/istac.org.tr\/?p=6266"},"modified":"2017-06-23T18:41:02","modified_gmt":"2017-06-23T15:41:02","slug":"hurriyet-gazetesi-istanbul-tahkim-merkezi-lahey-daimi-tahkim-divani-ile-anlasma-imzaladi","status":"publish","type":"post","link":"https:\/\/istac.org.tr\/tr\/hurriyet-gazetesi-istanbul-tahkim-merkezi-lahey-daimi-tahkim-divani-ile-anlasma-imzaladi\/","title":{"rendered":"H\u00fcrriyet Gazetesi: \u0130stanbul Tahkim Merkezi, Lahey Daimi Tahkim Divan\u0131 ile anla\u015fma imzalad\u0131"},"content":{"rendered":"<p>H\u00fcrriyet Gazetesinin 16 Haziran 2017 tarihli haberine bu <a href=\"http:\/\/www.hurriyet.com.tr\/istanbul-tahkim-merkezi-lahey-daimi-tahkim-div-40492523\">linkten<\/a> ula\u015fabilirsiniz.<\/p>\n","protected":false},"excerpt":{"rendered":"<p>H\u00fcrriyet Gazetesinin 16 Haziran 2017 tarihli haberine bu linkten ula\u015fabilirsiniz.<\/p>\n","protected":false},"author":1,"featured_media":0,"comment_status":"open","ping_status":"open","sticky":false,"template":"","format":"standard","meta":[],"categories":[6],"tags":[],"acf":[],"post_mailing_queue_ids":[],"_links":{"self":[{"href":"https:\/\/istac.org.tr\/tr\/wp-json\/wp\/v2\/posts\/6266\/"}],"collection":[{"href":"https:\/\/istac.org.tr\/tr\/wp-json\/wp\/v2\/posts\/"}],"about":[{"href":"https:\/\/istac.org.tr\/tr\/wp-json\/wp\/v2\/types\/post\/"}],"author":[{"embeddable":true,"href":"https:\/\/istac.org.tr\/tr\/wp-json\/wp\/v2\/users\/1\/"}],"replies":[{"embeddable":true,"href":"https:\/\/istac.org.tr\/tr\/wp-json\/wp\/v2\/comments\/?post=6266"}],"version-history":[{"count":1,"href":"https:\/\/istac.org.tr\/tr\/wp-json\/wp\/v2\/posts\/6266\/revisions\/"}],"predecessor-version":[{"id":6267,"href":"https:\/\/istac.org.tr\/tr\/wp-json\/wp\/v2\/posts\/6266\/revisions\/6267\/"}],"wp:attachment":[{"href":"https:\/\/istac.org.tr\/tr\/wp-json\/wp\/v2\/media\/?parent=6266"}],"wp:term":[{"taxonomy":"category","embeddable":true,"href":"https:\/\/istac.org.tr\/tr\/wp-json\/wp\/v2\/categories\/?post=6266"},{"taxonomy":"post_tag","embeddable":true,"href":"https:\/\/istac.org.tr\/tr\/wp-json\/wp\/v2\/tags\/?post=6266"}],"curies":[{"name":"wp","href":"https:\/\/api.w.org\/{rel}","templated":true}]}}