{"id":4934,"date":"2017-01-06T12:01:38","date_gmt":"2017-01-06T10:01:38","guid":{"rendered":"https:\/\/istac.org.tr\/?p=4934"},"modified":"2017-01-25T16:15:17","modified_gmt":"2017-01-25T14:15:17","slug":"antalya-barosu-istac-konferansi","status":"publish","type":"post","link":"https:\/\/istac.org.tr\/tr\/antalya-barosu-istac-konferansi\/","title":{"rendered":"7 Ocak 2017- Antalya Barosu ISTAC Konferans\u0131"},"content":{"rendered":"<p>7 Ocak 2017 Cumartesi g\u00fcn\u00fc Antalya Barosu ile birlikte &#8220;\u0130stanbul Tahkim Merkezi ile Uyu\u015fmazl\u0131klar\u0131n Etkin \u00c7\u00f6z\u00fcm\u00fc&#8221; Konferans\u0131 d\u00fczenlenecektir.<\/p>\n<p>ISTAC Ba\u015fkan\u0131 Prof. Dr. Ziya Ak\u0131nc\u0131 ile ISTAC Y\u00f6netim Kurulu \u00dcyesi Av. M. R\u0131fat Bacanl\u0131&#8217;n\u0131n kat\u0131laca\u011f\u0131 konferans, Antalya\u00a0CMK E\u011fitim Merkezi&#8217;nde (Barohan Kat: 4) saat 14.00&#8217;da ba\u015flayacakt\u0131r.<\/p>\n<p>Konferansa kat\u0131l\u0131m \u00fccretsizdir.<\/p>\n<p><img loading=\"lazy\" class=\"aligncenter wp-image-4936 size-full\" src=\"https:\/\/istac.org.tr\/wp-content\/uploads\/2017\/01\/Antalya-Konferans-Afis.jpg\" alt=\"antalya-konferans-afis\" width=\"626\" height=\"865\" srcset=\"https:\/\/istac.org.tr\/wp-content\/uploads\/2017\/01\/Antalya-Konferans-Afis.jpg 626w, https:\/\/istac.org.tr\/wp-content\/uploads\/2017\/01\/Antalya-Konferans-Afis-217x300.jpg 217w\" sizes=\"(max-width: 626px) 100vw, 626px\" \/><\/p>\n<p>&nbsp;<\/p>\n","protected":false},"excerpt":{"rendered":"<p>7 Ocak 2017 Cumartesi g\u00fcn\u00fc Antalya Barosu ile birlikte &#8220;\u0130stanbul Tahkim Merkezi ile Uyu\u015fmazl\u0131klar\u0131n Etkin \u00c7\u00f6z\u00fcm\u00fc&#8221; Konferans\u0131 d\u00fczenlenecektir. ISTAC Ba\u015fkan\u0131 Prof. Dr. Ziya Ak\u0131nc\u0131 ile ISTAC Y\u00f6netim Kurulu \u00dcyesi Av. M. R\u0131fat Bacanl\u0131&#8217;n\u0131n kat\u0131laca\u011f\u0131 konferans, Antalya\u00a0CMK E\u011fitim Merkezi&#8217;nde (Barohan Kat: 4) saat 14.00&#8217;da ba\u015flayacakt\u0131r. Konferansa kat\u0131l\u0131m \u00fccretsizdir. &nbsp;<\/p>\n","protected":false},"author":1,"featured_media":0,"comment_status":"open","ping_status":"open","sticky":false,"template":"","format":"standard","meta":[],"categories":[5,4,49],"tags":[],"acf":[],"post_mailing_queue_ids":[],"_links":{"self":[{"href":"https:\/\/istac.org.tr\/tr\/wp-json\/wp\/v2\/posts\/4934\/"}],"collection":[{"href":"https:\/\/istac.org.tr\/tr\/wp-json\/wp\/v2\/posts\/"}],"about":[{"href":"https:\/\/istac.org.tr\/tr\/wp-json\/wp\/v2\/types\/post\/"}],"author":[{"embeddable":true,"href":"https:\/\/istac.org.tr\/tr\/wp-json\/wp\/v2\/users\/1\/"}],"replies":[{"embeddable":true,"href":"https:\/\/istac.org.tr\/tr\/wp-json\/wp\/v2\/comments\/?post=4934"}],"version-history":[{"count":3,"href":"https:\/\/istac.org.tr\/tr\/wp-json\/wp\/v2\/posts\/4934\/revisions\/"}],"predecessor-version":[{"id":5096,"href":"https:\/\/istac.org.tr\/tr\/wp-json\/wp\/v2\/posts\/4934\/revisions\/5096\/"}],"wp:attachment":[{"href":"https:\/\/istac.org.tr\/tr\/wp-json\/wp\/v2\/media\/?parent=4934"}],"wp:term":[{"taxonomy":"category","embeddable":true,"href":"https:\/\/istac.org.tr\/tr\/wp-json\/wp\/v2\/categories\/?post=4934"},{"taxonomy":"post_tag","embeddable":true,"href":"https:\/\/istac.org.tr\/tr\/wp-json\/wp\/v2\/tags\/?post=4934"}],"curies":[{"name":"wp","href":"https:\/\/api.w.org\/{rel}","templated":true}]}}