{"id":4877,"date":"2016-12-22T18:57:00","date_gmt":"2016-12-22T16:57:00","guid":{"rendered":"https:\/\/istac.org.tr\/?p=4877"},"modified":"2016-12-23T20:24:10","modified_gmt":"2016-12-23T18:24:10","slug":"kamu-kurum-ve-kuruluslari-acisindan-tahkim-konferansi-basinda-genis-yer-buldu","status":"publish","type":"post","link":"https:\/\/istac.org.tr\/tr\/kamu-kurum-ve-kuruluslari-acisindan-tahkim-konferansi-basinda-genis-yer-buldu\/","title":{"rendered":"Kamu Kurum ve Kurulu\u015flar\u0131 A\u00e7\u0131s\u0131ndan Tahkim Konferans\u0131 Bas\u0131nda Geni\u015f Yer Buldu"},"content":{"rendered":"<p>ISTAC taraf\u0131ndan 19 Aral\u0131kta Anayasa Mahkemesi Y\u00fcce Divan Salonun&#8217;nda d\u00fczenlenen &#8220;Kamu Kurum ve Kurulu\u015flar\u0131 A\u00e7\u0131s\u0131ndan Tahkim&#8221; Konferans\u0131, D\u00fcnya Gazetesi, H\u00fcrriyet, Yeni \u015eafak ve Cumhuriyet Gazetesi gibi bir \u00e7ok bas\u0131n organ\u0131nda yer ald\u0131.<\/p>\n<p><img loading=\"lazy\" class=\"aligncenter wp-image-4880 size-large\" src=\"https:\/\/istac.org.tr\/wp-content\/uploads\/2016\/12\/20161220-Dunya-AYM-908x1024.jpg\" alt=\"20161220-dunya-aym\" width=\"908\" height=\"1024\" srcset=\"https:\/\/istac.org.tr\/wp-content\/uploads\/2016\/12\/20161220-Dunya-AYM-908x1024.jpg 908w, https:\/\/istac.org.tr\/wp-content\/uploads\/2016\/12\/20161220-Dunya-AYM-266x300.jpg 266w, https:\/\/istac.org.tr\/wp-content\/uploads\/2016\/12\/20161220-Dunya-AYM-768x866.jpg 768w, https:\/\/istac.org.tr\/wp-content\/uploads\/2016\/12\/20161220-Dunya-AYM.jpg 1000w\" sizes=\"(max-width: 908px) 100vw, 908px\" \/><\/p>\n<p>&nbsp;<\/p>\n<p><img loading=\"lazy\" class=\"aligncenter wp-image-4884 size-large\" src=\"https:\/\/istac.org.tr\/wp-content\/uploads\/2016\/12\/20161223-Hurriyet-AYM-Konferans\u0131-798x1024.jpg\" alt=\"20161223-hurriyet-aym-konferansi\" width=\"798\" height=\"1024\" srcset=\"https:\/\/istac.org.tr\/wp-content\/uploads\/2016\/12\/20161223-Hurriyet-AYM-Konferans\u0131-798x1024.jpg 798w, https:\/\/istac.org.tr\/wp-content\/uploads\/2016\/12\/20161223-Hurriyet-AYM-Konferans\u0131-234x300.jpg 234w, https:\/\/istac.org.tr\/wp-content\/uploads\/2016\/12\/20161223-Hurriyet-AYM-Konferans\u0131-768x986.jpg 768w, https:\/\/istac.org.tr\/wp-content\/uploads\/2016\/12\/20161223-Hurriyet-AYM-Konferans\u0131.jpg 850w\" sizes=\"(max-width: 798px) 100vw, 798px\" \/><\/p>\n<p><img loading=\"lazy\" class=\"aligncenter wp-image-4882 size-large\" src=\"https:\/\/istac.org.tr\/wp-content\/uploads\/2016\/12\/20161220-Yeni-Safak-AYM-773x1024.jpg\" alt=\"20161220-yeni-safak-aym\" width=\"773\" height=\"1024\" srcset=\"https:\/\/istac.org.tr\/wp-content\/uploads\/2016\/12\/20161220-Yeni-Safak-AYM-773x1024.jpg 773w, https:\/\/istac.org.tr\/wp-content\/uploads\/2016\/12\/20161220-Yeni-Safak-AYM-227x300.jpg 227w, https:\/\/istac.org.tr\/wp-content\/uploads\/2016\/12\/20161220-Yeni-Safak-AYM-768x1017.jpg 768w, https:\/\/istac.org.tr\/wp-content\/uploads\/2016\/12\/20161220-Yeni-Safak-AYM.jpg 1000w\" sizes=\"(max-width: 773px) 100vw, 773px\" \/><\/p>\n<p><img loading=\"lazy\" class=\"aligncenter wp-image-4878 size-full\" src=\"https:\/\/istac.org.tr\/wp-content\/uploads\/2016\/12\/20161220-Cumhuriyet-AYM.jpg\" alt=\"20161220-cumhuriyet-aym\" width=\"1000\" height=\"605\" srcset=\"https:\/\/istac.org.tr\/wp-content\/uploads\/2016\/12\/20161220-Cumhuriyet-AYM.jpg 1000w, https:\/\/istac.org.tr\/wp-content\/uploads\/2016\/12\/20161220-Cumhuriyet-AYM-300x182.jpg 300w, https:\/\/istac.org.tr\/wp-content\/uploads\/2016\/12\/20161220-Cumhuriyet-AYM-768x465.jpg 768w\" sizes=\"(max-width: 1000px) 100vw, 1000px\" \/><\/p>\n","protected":false},"excerpt":{"rendered":"<p>ISTAC taraf\u0131ndan 19 Aral\u0131kta Anayasa Mahkemesi Y\u00fcce Divan Salonun&#8217;nda d\u00fczenlenen &#8220;Kamu Kurum ve Kurulu\u015flar\u0131 A\u00e7\u0131s\u0131ndan Tahkim&#8221; Konferans\u0131, D\u00fcnya Gazetesi, H\u00fcrriyet, Yeni \u015eafak ve Cumhuriyet Gazetesi gibi bir \u00e7ok bas\u0131n organ\u0131nda yer ald\u0131. &nbsp;<\/p>\n","protected":false},"author":1,"featured_media":0,"comment_status":"open","ping_status":"open","sticky":false,"template":"","format":"standard","meta":[],"categories":[6,3],"tags":[],"acf":[],"post_mailing_queue_ids":[],"_links":{"self":[{"href":"https:\/\/istac.org.tr\/tr\/wp-json\/wp\/v2\/posts\/4877\/"}],"collection":[{"href":"https:\/\/istac.org.tr\/tr\/wp-json\/wp\/v2\/posts\/"}],"about":[{"href":"https:\/\/istac.org.tr\/tr\/wp-json\/wp\/v2\/types\/post\/"}],"author":[{"embeddable":true,"href":"https:\/\/istac.org.tr\/tr\/wp-json\/wp\/v2\/users\/1\/"}],"replies":[{"embeddable":true,"href":"https:\/\/istac.org.tr\/tr\/wp-json\/wp\/v2\/comments\/?post=4877"}],"version-history":[{"count":2,"href":"https:\/\/istac.org.tr\/tr\/wp-json\/wp\/v2\/posts\/4877\/revisions\/"}],"predecessor-version":[{"id":4887,"href":"https:\/\/istac.org.tr\/tr\/wp-json\/wp\/v2\/posts\/4877\/revisions\/4887\/"}],"wp:attachment":[{"href":"https:\/\/istac.org.tr\/tr\/wp-json\/wp\/v2\/media\/?parent=4877"}],"wp:term":[{"taxonomy":"category","embeddable":true,"href":"https:\/\/istac.org.tr\/tr\/wp-json\/wp\/v2\/categories\/?post=4877"},{"taxonomy":"post_tag","embeddable":true,"href":"https:\/\/istac.org.tr\/tr\/wp-json\/wp\/v2\/tags\/?post=4877"}],"curies":[{"name":"wp","href":"https:\/\/api.w.org\/{rel}","templated":true}]}}