{"id":4409,"date":"2016-11-29T13:34:02","date_gmt":"2016-11-29T11:34:02","guid":{"rendered":"https:\/\/istac.org.tr\/?p=4409"},"modified":"2016-11-29T13:34:02","modified_gmt":"2016-11-29T11:34:02","slug":"istanbul-universitesi-uyusmazlik-cozum-yontemleri-kulubu-tahkim-egitimi","status":"publish","type":"post","link":"https:\/\/istac.org.tr\/tr\/istanbul-universitesi-uyusmazlik-cozum-yontemleri-kulubu-tahkim-egitimi\/","title":{"rendered":"\u0130stanbul \u00dcniversitesi Uyu\u015fmazl\u0131k \u00c7\u00f6z\u00fcm Y\u00f6ntemleri Kul\u00fcb\u00fc Tahkim E\u011fitimi"},"content":{"rendered":"<p>\u0130stanbul \u00dcniversitesi Uyu\u015fmazl\u0131k \u00c7\u00f6z\u00fcm Y\u00f6ntemleri Kul\u00fcb\u00fc taraf\u0131ndan 6 Aral\u0131k 2016 tarihinde d\u00fczenlenecek olan e\u011fitimin tahkim oturumunda, ISTAC Genel Sekreteri Dr. Candan Yasan ve <a class=\"profileLink\" href=\"https:\/\/www.facebook.com\/Gen%C3%A7-ISTAC-750754818389864\/\" data-hovercard=\"\/ajax\/hovercard\/page.php?id=750754818389864\" data-hovercard-prefer-more-content-show=\"1\">Gen\u00e7 ISTAC<\/a> Y\u00fcr\u00fctme Kurulu \u00fcyesi Av. Selda Ta\u015fy\u00fcrek konu\u015fmac\u0131 olarak yer alacaklar.<\/p>\n<p><img loading=\"lazy\" class=\"alignnone size-medium wp-image-4410\" src=\"https:\/\/istac.org.tr\/wp-content\/uploads\/2016\/11\/IDR-Afis-212x300.jpeg\" alt=\"IDR ISTAC Afis\" width=\"212\" height=\"300\" srcset=\"https:\/\/istac.org.tr\/wp-content\/uploads\/2016\/11\/IDR-Afis-212x300.jpeg 212w, https:\/\/istac.org.tr\/wp-content\/uploads\/2016\/11\/IDR-Afis-768x1086.jpeg 768w, https:\/\/istac.org.tr\/wp-content\/uploads\/2016\/11\/IDR-Afis-724x1024.jpeg 724w, https:\/\/istac.org.tr\/wp-content\/uploads\/2016\/11\/IDR-Afis.jpeg 1588w\" sizes=\"(max-width: 212px) 100vw, 212px\" \/><\/p>\n<p>&nbsp;<\/p>\n","protected":false},"excerpt":{"rendered":"<p>\u0130stanbul \u00dcniversitesi Uyu\u015fmazl\u0131k \u00c7\u00f6z\u00fcm Y\u00f6ntemleri Kul\u00fcb\u00fc taraf\u0131ndan 6 Aral\u0131k 2016 tarihinde d\u00fczenlenecek olan e\u011fitimin tahkim oturumunda, ISTAC Genel Sekreteri Dr. Candan Yasan ve Gen\u00e7 ISTAC Y\u00fcr\u00fctme Kurulu \u00fcyesi Av. Selda Ta\u015fy\u00fcrek konu\u015fmac\u0131 olarak yer alacaklar. &nbsp;<\/p>\n","protected":false},"author":1,"featured_media":0,"comment_status":"open","ping_status":"open","sticky":false,"template":"","format":"standard","meta":[],"categories":[5,50,4,3],"tags":[30],"acf":[],"post_mailing_queue_ids":[],"_links":{"self":[{"href":"https:\/\/istac.org.tr\/tr\/wp-json\/wp\/v2\/posts\/4409\/"}],"collection":[{"href":"https:\/\/istac.org.tr\/tr\/wp-json\/wp\/v2\/posts\/"}],"about":[{"href":"https:\/\/istac.org.tr\/tr\/wp-json\/wp\/v2\/types\/post\/"}],"author":[{"embeddable":true,"href":"https:\/\/istac.org.tr\/tr\/wp-json\/wp\/v2\/users\/1\/"}],"replies":[{"embeddable":true,"href":"https:\/\/istac.org.tr\/tr\/wp-json\/wp\/v2\/comments\/?post=4409"}],"version-history":[{"count":1,"href":"https:\/\/istac.org.tr\/tr\/wp-json\/wp\/v2\/posts\/4409\/revisions\/"}],"predecessor-version":[{"id":4412,"href":"https:\/\/istac.org.tr\/tr\/wp-json\/wp\/v2\/posts\/4409\/revisions\/4412\/"}],"wp:attachment":[{"href":"https:\/\/istac.org.tr\/tr\/wp-json\/wp\/v2\/media\/?parent=4409"}],"wp:term":[{"taxonomy":"category","embeddable":true,"href":"https:\/\/istac.org.tr\/tr\/wp-json\/wp\/v2\/categories\/?post=4409"},{"taxonomy":"post_tag","embeddable":true,"href":"https:\/\/istac.org.tr\/tr\/wp-json\/wp\/v2\/tags\/?post=4409"}],"curies":[{"name":"wp","href":"https:\/\/api.w.org\/{rel}","templated":true}]}}