{"id":3703,"date":"2016-10-10T13:10:31","date_gmt":"2016-10-10T10:10:31","guid":{"rendered":"https:\/\/istac.org.tr\/?p=3703"},"modified":"2016-10-13T13:19:54","modified_gmt":"2016-10-13T10:19:54","slug":"kocaeli-demokrat-gazetesi-istac-ile-uyusmazliklarin-etkin-cozumu","status":"publish","type":"post","link":"https:\/\/istac.org.tr\/tr\/kocaeli-demokrat-gazetesi-istac-ile-uyusmazliklarin-etkin-cozumu\/","title":{"rendered":"Kocaeli Demokrat Gazetesi: &#8220;ISTAC \u0130le Uyu\u015fmazl\u0131klar\u0131n Etkin \u00c7\u00f6z\u00fcm\u00fc&#8221;"},"content":{"rendered":"<p>6 Ekim 2016 tarihinde Kocaeli Barosu ile birlikte d\u00fczenlenen ve Say\u0131n Kocaeli Valimiz, Say\u0131n Kocaeli Baro Ba\u015fkan\u0131m\u0131z ve Say\u0131n Kocaeli Sanayi Odas\u0131 Ba\u015fkan\u0131m\u0131z\u0131n da kat\u0131ld\u0131\u011f\u0131 &#8220;ISTAC ile Uyu\u015fmazl\u0131klar\u0131n \u00c7\u00f6z\u00fcm\u00fc Konferans\u0131&#8221; sonras\u0131nda Kocaeli Bas\u0131n\u0131nda ISTAC tahkiminin sundu\u011fu avantajlar geni\u015f yer buldu.<\/p>\n<p><img loading=\"lazy\" class=\"aligncenter wp-image-3714 size-full\" src=\"https:\/\/istac.org.tr\/wp-content\/uploads\/2016\/10\/ticaret_gazetesi_11.10.2016_61017770_1-1.jpeg\" alt=\"ticaret_gazetesi_11-10-2016_61017770_1\" width=\"570\" height=\"727\" srcset=\"https:\/\/istac.org.tr\/wp-content\/uploads\/2016\/10\/ticaret_gazetesi_11.10.2016_61017770_1-1.jpeg 570w, https:\/\/istac.org.tr\/wp-content\/uploads\/2016\/10\/ticaret_gazetesi_11.10.2016_61017770_1-1-235x300.jpeg 235w\" sizes=\"(max-width: 570px) 100vw, 570px\" \/><\/p>\n<p><img loading=\"lazy\" class=\"aligncenter wp-image-3712 size-large\" src=\"https:\/\/istac.org.tr\/wp-content\/uploads\/2016\/10\/kocaeli_demokrat_10.10.2016_61028212_1-1-493x1024.jpeg\" alt=\"kocaeli_demokrat_10-10-2016_61028212_1\" width=\"493\" height=\"1024\" srcset=\"https:\/\/istac.org.tr\/wp-content\/uploads\/2016\/10\/kocaeli_demokrat_10.10.2016_61028212_1-1-493x1024.jpeg 493w, https:\/\/istac.org.tr\/wp-content\/uploads\/2016\/10\/kocaeli_demokrat_10.10.2016_61028212_1-1-144x300.jpeg 144w, https:\/\/istac.org.tr\/wp-content\/uploads\/2016\/10\/kocaeli_demokrat_10.10.2016_61028212_1-1-768x1597.jpeg 768w, https:\/\/istac.org.tr\/wp-content\/uploads\/2016\/10\/kocaeli_demokrat_10.10.2016_61028212_1-1.jpeg 990w\" sizes=\"(max-width: 493px) 100vw, 493px\" \/><\/p>\n<p><img loading=\"lazy\" class=\"aligncenter wp-image-3710 size-large\" src=\"https:\/\/istac.org.tr\/wp-content\/uploads\/2016\/10\/kocaeli_demokrat_09.10.2016_61027873_1-1-841x1024.jpeg\" alt=\"kocaeli_demokrat_09-10-2016_61027873_1\" width=\"841\" height=\"1024\" srcset=\"https:\/\/istac.org.tr\/wp-content\/uploads\/2016\/10\/kocaeli_demokrat_09.10.2016_61027873_1-1-841x1024.jpeg 841w, https:\/\/istac.org.tr\/wp-content\/uploads\/2016\/10\/kocaeli_demokrat_09.10.2016_61027873_1-1-246x300.jpeg 246w, https:\/\/istac.org.tr\/wp-content\/uploads\/2016\/10\/kocaeli_demokrat_09.10.2016_61027873_1-1-768x935.jpeg 768w, https:\/\/istac.org.tr\/wp-content\/uploads\/2016\/10\/kocaeli_demokrat_09.10.2016_61027873_1-1.jpeg 983w\" sizes=\"(max-width: 841px) 100vw, 841px\" \/><\/p>\n","protected":false},"excerpt":{"rendered":"<p>6 Ekim 2016 tarihinde Kocaeli Barosu ile birlikte d\u00fczenlenen ve Say\u0131n Kocaeli Valimiz, Say\u0131n Kocaeli Baro Ba\u015fkan\u0131m\u0131z ve Say\u0131n Kocaeli Sanayi Odas\u0131 Ba\u015fkan\u0131m\u0131z\u0131n da kat\u0131ld\u0131\u011f\u0131 &#8220;ISTAC ile Uyu\u015fmazl\u0131klar\u0131n \u00c7\u00f6z\u00fcm\u00fc Konferans\u0131&#8221; sonras\u0131nda Kocaeli Bas\u0131n\u0131nda ISTAC tahkiminin sundu\u011fu avantajlar geni\u015f yer buldu.<\/p>\n","protected":false},"author":1,"featured_media":0,"comment_status":"open","ping_status":"open","sticky":false,"template":"","format":"standard","meta":[],"categories":[6],"tags":[],"acf":[],"post_mailing_queue_ids":[],"_links":{"self":[{"href":"https:\/\/istac.org.tr\/tr\/wp-json\/wp\/v2\/posts\/3703\/"}],"collection":[{"href":"https:\/\/istac.org.tr\/tr\/wp-json\/wp\/v2\/posts\/"}],"about":[{"href":"https:\/\/istac.org.tr\/tr\/wp-json\/wp\/v2\/types\/post\/"}],"author":[{"embeddable":true,"href":"https:\/\/istac.org.tr\/tr\/wp-json\/wp\/v2\/users\/1\/"}],"replies":[{"embeddable":true,"href":"https:\/\/istac.org.tr\/tr\/wp-json\/wp\/v2\/comments\/?post=3703"}],"version-history":[{"count":1,"href":"https:\/\/istac.org.tr\/tr\/wp-json\/wp\/v2\/posts\/3703\/revisions\/"}],"predecessor-version":[{"id":3716,"href":"https:\/\/istac.org.tr\/tr\/wp-json\/wp\/v2\/posts\/3703\/revisions\/3716\/"}],"wp:attachment":[{"href":"https:\/\/istac.org.tr\/tr\/wp-json\/wp\/v2\/media\/?parent=3703"}],"wp:term":[{"taxonomy":"category","embeddable":true,"href":"https:\/\/istac.org.tr\/tr\/wp-json\/wp\/v2\/categories\/?post=3703"},{"taxonomy":"post_tag","embeddable":true,"href":"https:\/\/istac.org.tr\/tr\/wp-json\/wp\/v2\/tags\/?post=3703"}],"curies":[{"name":"wp","href":"https:\/\/api.w.org\/{rel}","templated":true}]}}