{"id":3420,"date":"2016-08-15T23:04:48","date_gmt":"2016-08-15T20:04:48","guid":{"rendered":"http:\/\/144.208.72.158\/~istaco5\/?p=3420"},"modified":"2016-08-24T23:07:28","modified_gmt":"2016-08-24T20:07:28","slug":"hakan-oztatar","status":"publish","type":"post","link":"https:\/\/istac.org.tr\/tr\/hakan-oztatar\/","title":{"rendered":"Hakan \u00d6ZTATAR"},"content":{"rendered":"<p>Hakan \u00d6ztatar 1977 y\u0131l\u0131nda do\u011fdu. Malatya Anadolu Lisesi\u2019ndeki e\u011fitiminin ard\u0131ndan, 1999 y\u0131l\u0131nda \u0130stanbul \u00dcniversitesi Hukuk Fak\u00fcltesi\u2019nden mezun oldu. 2000-2002 d\u00f6neminde ayn\u0131 \u00fcniversitede\u00a0 \u201cT\u00fcrkiye&#8217;de Avukatl\u0131k ve Sorunlar\u0131\u201d \u00fczerine y\u00fcksek lisans e\u011fitimi ald\u0131.<\/p>\n<p>Mesle\u011fe 1999-2000 y\u0131llar\u0131nda avukatl\u0131k staj\u0131 ile ilk ad\u0131m\u0131 att\u0131. 2000-2002 d\u00f6neminde h\u00e2kim adayl\u0131\u011f\u0131 staj\u0131n\u0131 tamamlad\u0131. \u0130lk g\u00f6rev yeri 2002 y\u0131l\u0131nda ba\u015flad\u0131\u011f\u0131 Karaman H\u00e2kimli\u011fi idi. 2005-2007 y\u0131llar\u0131nda Baskil H\u00e2kimli\u011fi, 2007-2011 y\u0131llar\u0131nda Finike H\u00e2kimli\u011fi yapt\u0131. 2011 y\u0131l\u0131nda Adalet Bakanl\u0131\u011f\u0131 Hukuk \u0130\u015fleri Genel M\u00fcd\u00fcrl\u00fc\u011f\u00fc Tetkik H\u00e2kimli\u011fi\u2019ne atand\u0131. 2013 y\u0131l\u0131nda da Adalet Bakanl\u0131\u011f\u0131 Arabuluculuk Daire Ba\u015fkanl\u0131\u011f\u0131 g\u00f6revini \u00fcstlendi. Halen bu g\u00f6revi s\u00fcrd\u00fcren Hakan \u00d6ztatar, \u0130stanbul Tahkim Merkezi<\/p>\n<p>(\u0130STAC) Genel Kurulu ve Y\u00f6netim Kurulu\u2019nda, 2015 y\u0131l\u0131ndan bu yana Adalet Bakanl\u0131\u011f\u0131\u2019n\u0131 temsil ediyor.<\/p>\n<p>Hakan \u00d6ztatar, dostane \u00e7\u00f6z\u00fcm y\u00f6ntemi olarak \u201cArabuluculuk\u201d, kanun yarar\u0131na \u201cTemyiz\u201d alanlar\u0131nda uzmanla\u015f\u0131rken, \u201cHukuk Muhakemeleri Kanunu Y\u00f6netmeli\u011fi\u201dni haz\u0131rlayan ekipte yer ald\u0131. Lisansl\u0131 Yediemin Depolar\u0131 Hakk\u0131nda Y\u00f6netmelik, Hukuk Mahkemelerinde Bilirki\u015fi Listelerinin D\u00fczenlenmesi Y\u00f6netmeli\u011fi, Bilirki\u015fi ve Hakem \u00dccret Tarifeleri, \u0130cra \u0130flas Kanunu Y\u00f6netmeli\u011fi, Tebligat Kanunu Y\u00f6netmeli\u011fi uzmanl\u0131k alanlar\u0131n\u0131 olu\u015ftururken, \u0130cra \u0130flas Kanunu Bilim Komisyonu\u2019nda \u00e7al\u0131\u015ft\u0131.<\/p>\n<p>\u00d6zellikle \u201cArabuluculuk\u201d alan\u0131nda 2012 y\u0131l\u0131ndan bu yana \u0130sve\u00e7, Avusturya, \u0130ngiltere, Almanya, Fransa, \u0130talya\u2019ya \u00e7al\u0131\u015fma ziyaretlerinde bulundu, konferanslara kat\u0131ld\u0131. Ayn\u0131 konuda T\u00fcrkiye\u2019nin pek \u00e7ok \u015fehrinde d\u00fczenlenen konferans ve panellerde konu\u015fmac\u0131 olarak yer ald\u0131.<\/p>\n<p>Uzmanl\u0131k alanlar\u0131nda akademisyen olarak da g\u00f6rev yapan \u00d6ztatar, 2011-2013 d\u00f6neminde Adalet Bakanl\u0131\u011f\u0131 Meslek \u0130\u00e7i E\u011fitim Programlar\u0131 kapsam\u0131nda ders verdi. T\u00fcrkiye Adalet Akademisi\u2019nde 2012\u2019de \u201cHukuk Muhakemeleri Kanunu\u201d, 2013\u2019de \u201cYarg\u0131lama Giderleri ve Har\u00e7lar\u0131\u201d alan\u0131nda verdi\u011fi dersleri, 2015 y\u0131l\u0131ndan bu yana \u201cArabuluculuk\u201d konusunda s\u00fcrd\u00fcr\u00fcyor.<\/p>\n<p>Evli ve iki \u00e7ocuk babas\u0131 olan Hakan \u00d6ztatar, \u0130ngilizce ve Almanca biliyor.<\/p>\n","protected":false},"excerpt":{"rendered":"<p>Hakan \u00d6ztatar 1977 y\u0131l\u0131nda do\u011fdu. Malatya Anadolu Lisesi\u2019ndeki e\u011fitiminin ard\u0131ndan, 1999 y\u0131l\u0131nda \u0130stanbul \u00dcniversitesi Hukuk Fak\u00fcltesi\u2019nden mezun oldu. 2000-2002 d\u00f6neminde ayn\u0131 \u00fcniversitede\u00a0 \u201cT\u00fcrkiye&#8217;de Avukatl\u0131k ve Sorunlar\u0131\u201d \u00fczerine y\u00fcksek lisans e\u011fitimi ald\u0131. Mesle\u011fe 1999-2000 y\u0131llar\u0131nda avukatl\u0131k staj\u0131 ile ilk ad\u0131m\u0131 att\u0131. 2000-2002 d\u00f6neminde h\u00e2kim adayl\u0131\u011f\u0131 staj\u0131n\u0131 tamamlad\u0131. \u0130lk g\u00f6rev yeri 2002 y\u0131l\u0131nda ba\u015flad\u0131\u011f\u0131 Karaman H\u00e2kimli\u011fi idi.<a href=\"https:\/\/istac.org.tr\/tr\/hakan-oztatar\/\">[&#8230;]<\/a><\/p>\n","protected":false},"author":1,"featured_media":0,"comment_status":"open","ping_status":"open","sticky":false,"template":"","format":"standard","meta":[],"categories":[48],"tags":[],"acf":[],"post_mailing_queue_ids":[],"_links":{"self":[{"href":"https:\/\/istac.org.tr\/tr\/wp-json\/wp\/v2\/posts\/3420\/"}],"collection":[{"href":"https:\/\/istac.org.tr\/tr\/wp-json\/wp\/v2\/posts\/"}],"about":[{"href":"https:\/\/istac.org.tr\/tr\/wp-json\/wp\/v2\/types\/post\/"}],"author":[{"embeddable":true,"href":"https:\/\/istac.org.tr\/tr\/wp-json\/wp\/v2\/users\/1\/"}],"replies":[{"embeddable":true,"href":"https:\/\/istac.org.tr\/tr\/wp-json\/wp\/v2\/comments\/?post=3420"}],"version-history":[{"count":1,"href":"https:\/\/istac.org.tr\/tr\/wp-json\/wp\/v2\/posts\/3420\/revisions\/"}],"predecessor-version":[{"id":3421,"href":"https:\/\/istac.org.tr\/tr\/wp-json\/wp\/v2\/posts\/3420\/revisions\/3421\/"}],"wp:attachment":[{"href":"https:\/\/istac.org.tr\/tr\/wp-json\/wp\/v2\/media\/?parent=3420"}],"wp:term":[{"taxonomy":"category","embeddable":true,"href":"https:\/\/istac.org.tr\/tr\/wp-json\/wp\/v2\/categories\/?post=3420"},{"taxonomy":"post_tag","embeddable":true,"href":"https:\/\/istac.org.tr\/tr\/wp-json\/wp\/v2\/tags\/?post=3420"}],"curies":[{"name":"wp","href":"https:\/\/api.w.org\/{rel}","templated":true}]}}