{"id":3416,"date":"2016-08-18T23:00:07","date_gmt":"2016-08-18T20:00:07","guid":{"rendered":"http:\/\/144.208.72.158\/~istaco5\/?p=3416"},"modified":"2016-08-24T23:07:04","modified_gmt":"2016-08-24T20:07:04","slug":"mujdat-kececi","status":"publish","type":"post","link":"https:\/\/istac.org.tr\/tr\/mujdat-kececi\/","title":{"rendered":"M\u00fcjdat KE\u00c7EC\u0130"},"content":{"rendered":"<p>M\u00fcjdat Ke\u00e7eci 1947 y\u0131l\u0131nda Denizli\u2019de do\u011fdu. \u0130lk, orta ve lise \u00f6\u011frenimini Denizli\u2019de yapt\u0131. \u0130stanbul \u00dcniversitesi Hukuk Fak\u00fcltesi\u2019nden 1970 y\u0131l\u0131nda mezuniyetinin ard\u0131ndan, i\u015f ya\u015fam\u0131na serbest avukat olarak ba\u015flad\u0131 ve hukuk alan\u0131ndaki \u00e7al\u0131\u015fmalar\u0131n\u0131 10 y\u0131l s\u00fcrd\u00fcrd\u00fc. 1980 y\u0131l\u0131ndan sonra \u0130ktisat Bankas\u0131 Y\u00f6netim Kurulu \u00dcyeli\u011fi yapt\u0131, Erg\u00fcr Kablo A.\u015e. y\u00f6netiminde aktif g\u00f6rev ald\u0131. 1985 y\u0131l\u0131nda Erbak\u0131r Elektrolitik Bak\u0131r Mamulleri Anonim \u015eirketi\u2019nde Genel M\u00fcd\u00fcr olarak g\u00f6reve ba\u015flad\u0131.\u00a0 Halen Erbak\u0131r A.\u015e.\u2019de G\u00f6revli Y\u00f6netim Kurulu \u00dcyeli\u011fi ile \u00e7al\u0131\u015fmalar\u0131na devam ediyor.<\/p>\n<p>\u0130stanbul Tahkim Merkezi Genel Kurulu ve Y\u00f6netim Kurulu\u2019nda T\u00fcrkiye Odalar ve Borsalar Birli\u011fi\u2019ni (TOBB) temsil ediyor.<\/p>\n<p>Denizli Sanayi Odas\u0131 Y\u00f6netim Kurulu Ba\u015fkanl\u0131\u011f\u0131n\u0131 s\u00fcrd\u00fcren M\u00fcjdat Ke\u00e7eci, TOBB Y\u00fcksek Koordinasyon Kurulu\u2019nda ve TOBB Sanayi Odalar\u0131 Konseyi\u2019nde \u00fcye olarak g\u00f6rev yap\u0131yor. Kobi Giri\u015fim Sermayesi ve Yat\u0131r\u0131m Ortakl\u0131\u011f\u0131 A.\u015e. Y\u00f6netim Kurulu Ba\u015fkanl\u0131\u011f\u0131\u2019n\u0131n yan\u0131 s\u0131ra, G\u00fcney Ege Kalk\u0131nma Ajans\u0131 (GEKA), Avrupa Birli\u011fi T\u00fcrkiye \u0130\u015f Geli\u015ftirme Merkezleri (AB\u0130GEM) ve Teknokent A.\u015e.\u00a0 y\u00f6netim kurullar\u0131nda yer al\u0131yor. Ge\u00e7mi\u015f y\u0131llarda ba\u015fkanl\u0131\u011f\u0131n\u0131 yapt\u0131\u011f\u0131 Denizli Sanayiciler ve \u0130\u015fadamlar\u0131 Derne\u011fi (DES\u0130AD) \u00fcyesi olan Ke\u00e7eci\u2019nin; Denizli K\u00fclt\u00fcr ve Sanat Vakf\u0131 (DESAV) Y\u00f6netim Kurulu Ba\u015fkanl\u0131\u011f\u0131, Do\u011fa ve \u00c7evre Vakf\u0131 (DO\u00c7EV) kurucu \u00fcyeli\u011fi, Pamukkale Tenis Kul\u00fcb\u00fc, Rotary Kul\u00fcb\u00fc ve \u0130stanbul \u00dcniversitesi Hukuk Fak\u00fcltesi Mezunlar\u0131 Derne\u011fi \u00fcyelikleri, Denizlispor eski d\u00f6nem As Ba\u015fkanl\u0131\u011f\u0131 ve Denetim Kurulu \u00fcyelikleri bulunuyor.<\/p>\n<p>Denizli ve Anadolu sanayiinin temsilcilerinden M\u00fcjdat Ke\u00e7eci\u2019nin ald\u0131\u011f\u0131 \u00f6d\u00fcllerden baz\u0131lar\u0131 ise \u015f\u00f6yle;<\/p>\n<ul>\n<li>Aral\u0131k 2011; \u0130nfomag Dergisi taraf\u0131ndan her y\u0131l yap\u0131lan ara\u015ft\u0131rma sonu\u00e7lar\u0131na g\u00f6re \u201cMedyada ad\u0131ndan en \u00e7ok s\u00f6z ettiren 80\u2019inci i\u015f insan\u0131\u201d se\u00e7ildi.<\/li>\n<li>May\u0131s 2011; Vak\u0131fbank ve Ekonomist Dergisi taraf\u0131ndan d\u00fczenlenen \u201cAnadolu\u2019nun En Etkili 50 \u0130\u015f \u0130nsan\u0131\u201d \u00f6d\u00fcllerinde 4\u2019\u00fcnc\u00fcl\u00fck ile onurland\u0131r\u0131ld\u0131.<\/li>\n<li>Aral\u0131k 2009; Milli Prod\u00fcktivite Merkezi taraf\u0131ndan \u201cY\u0131l\u0131n i\u015fadam\u0131\u201d \u00f6d\u00fcl\u00fc verildi.<\/li>\n<\/ul>\n<p>&nbsp;<\/p>\n<ul>\n<li>Nisan 2007; \u0130stanbul \u00dcniversitesi \u0130\u015fletme Fak\u00fcltesi ve D\u00fcnya Gazetesi taraf\u0131ndan \u201c2006 Y\u0131l\u0131n\u0131n \u0130\u015fletmecisi\u201d se\u00e7ildi.<\/li>\n<\/ul>\n<p>Evli ve 2 erkek \u00e7ocuk babas\u0131 olan M\u00fcjdat Ke\u00e7eci kitap okumay\u0131, y\u00fczmeyi, tenis oynamay\u0131 ve yelkencili\u011fi vazge\u00e7ilmez hobileri aras\u0131nda tan\u0131ml\u0131yor.<\/p>\n","protected":false},"excerpt":{"rendered":"<p>M\u00fcjdat Ke\u00e7eci 1947 y\u0131l\u0131nda Denizli\u2019de do\u011fdu. \u0130lk, orta ve lise \u00f6\u011frenimini Denizli\u2019de yapt\u0131. \u0130stanbul \u00dcniversitesi Hukuk Fak\u00fcltesi\u2019nden 1970 y\u0131l\u0131nda mezuniyetinin ard\u0131ndan, i\u015f ya\u015fam\u0131na serbest avukat olarak ba\u015flad\u0131 ve hukuk alan\u0131ndaki \u00e7al\u0131\u015fmalar\u0131n\u0131 10 y\u0131l s\u00fcrd\u00fcrd\u00fc. 1980 y\u0131l\u0131ndan sonra \u0130ktisat Bankas\u0131 Y\u00f6netim Kurulu \u00dcyeli\u011fi yapt\u0131, Erg\u00fcr Kablo A.\u015e. y\u00f6netiminde aktif g\u00f6rev ald\u0131. 1985 y\u0131l\u0131nda Erbak\u0131r Elektrolitik Bak\u0131r<a href=\"https:\/\/istac.org.tr\/tr\/mujdat-kececi\/\">[&#8230;]<\/a><\/p>\n","protected":false},"author":1,"featured_media":0,"comment_status":"open","ping_status":"open","sticky":false,"template":"","format":"standard","meta":[],"categories":[48],"tags":[],"acf":[],"post_mailing_queue_ids":[],"_links":{"self":[{"href":"https:\/\/istac.org.tr\/tr\/wp-json\/wp\/v2\/posts\/3416\/"}],"collection":[{"href":"https:\/\/istac.org.tr\/tr\/wp-json\/wp\/v2\/posts\/"}],"about":[{"href":"https:\/\/istac.org.tr\/tr\/wp-json\/wp\/v2\/types\/post\/"}],"author":[{"embeddable":true,"href":"https:\/\/istac.org.tr\/tr\/wp-json\/wp\/v2\/users\/1\/"}],"replies":[{"embeddable":true,"href":"https:\/\/istac.org.tr\/tr\/wp-json\/wp\/v2\/comments\/?post=3416"}],"version-history":[{"count":1,"href":"https:\/\/istac.org.tr\/tr\/wp-json\/wp\/v2\/posts\/3416\/revisions\/"}],"predecessor-version":[{"id":3417,"href":"https:\/\/istac.org.tr\/tr\/wp-json\/wp\/v2\/posts\/3416\/revisions\/3417\/"}],"wp:attachment":[{"href":"https:\/\/istac.org.tr\/tr\/wp-json\/wp\/v2\/media\/?parent=3416"}],"wp:term":[{"taxonomy":"category","embeddable":true,"href":"https:\/\/istac.org.tr\/tr\/wp-json\/wp\/v2\/categories\/?post=3416"},{"taxonomy":"post_tag","embeddable":true,"href":"https:\/\/istac.org.tr\/tr\/wp-json\/wp\/v2\/tags\/?post=3416"}],"curies":[{"name":"wp","href":"https:\/\/api.w.org\/{rel}","templated":true}]}}