{"id":3171,"date":"2016-07-06T12:38:57","date_gmt":"2016-07-06T09:38:57","guid":{"rendered":"http:\/\/istac.org.tr\/?p=3171"},"modified":"2016-07-11T12:41:24","modified_gmt":"2016-07-11T09:41:24","slug":"sabah-gazetesi-istanbul-tahkimin-merkezi-olacak","status":"publish","type":"post","link":"https:\/\/istac.org.tr\/tr\/sabah-gazetesi-istanbul-tahkimin-merkezi-olacak\/","title":{"rendered":"Sabah Gazetesi: &#8220;\u0130stanbul Tahkimin Merkezi Olacak&#8221;"},"content":{"rendered":"<p>Sabah Gazetesi&#8217;nden \u0130brahim Acar&#8217;\u0131n ISTAC Divan \u00dcyeleri ile yapt\u0131\u011f\u0131 r\u00f6portaj, 6 Temmuz 2016 tarihinde yay\u0131nland\u0131. Haberin tamam\u0131 i\u00e7in l\u00fctfen <a href=\"http:\/\/www.sabah.com.tr\/ekonomi\/2016\/07\/06\/istanbul-tahkimin-merkezi-olacak\" target=\"_blank\">t\u0131klay\u0131n\u0131z<\/a>.<\/p>\n<p><img loading=\"lazy\" class=\"aligncenter wp-image-3172 size-large\" src=\"http:\/\/istac.org.tr\/wp-content\/uploads\/2016\/07\/sabah_06.07.2016_58772255_1-557x1024.jpeg\" alt=\"sabah_06.07.2016_58772255_(1)\" width=\"557\" height=\"1024\" srcset=\"https:\/\/istac.org.tr\/wp-content\/uploads\/2016\/07\/sabah_06.07.2016_58772255_1-557x1024.jpeg 557w, https:\/\/istac.org.tr\/wp-content\/uploads\/2016\/07\/sabah_06.07.2016_58772255_1-163x300.jpeg 163w, https:\/\/istac.org.tr\/wp-content\/uploads\/2016\/07\/sabah_06.07.2016_58772255_1-768x1412.jpeg 768w, https:\/\/istac.org.tr\/wp-content\/uploads\/2016\/07\/sabah_06.07.2016_58772255_1.jpeg 987w\" sizes=\"(max-width: 557px) 100vw, 557px\" \/><\/p>\n","protected":false},"excerpt":{"rendered":"<p>Sabah Gazetesi&#8217;nden \u0130brahim Acar&#8217;\u0131n ISTAC Divan \u00dcyeleri ile yapt\u0131\u011f\u0131 r\u00f6portaj, 6 Temmuz 2016 tarihinde yay\u0131nland\u0131. Haberin tamam\u0131 i\u00e7in l\u00fctfen t\u0131klay\u0131n\u0131z.<\/p>\n","protected":false},"author":1,"featured_media":0,"comment_status":"open","ping_status":"open","sticky":false,"template":"","format":"standard","meta":[],"categories":[6],"tags":[],"acf":[],"post_mailing_queue_ids":[],"_links":{"self":[{"href":"https:\/\/istac.org.tr\/tr\/wp-json\/wp\/v2\/posts\/3171\/"}],"collection":[{"href":"https:\/\/istac.org.tr\/tr\/wp-json\/wp\/v2\/posts\/"}],"about":[{"href":"https:\/\/istac.org.tr\/tr\/wp-json\/wp\/v2\/types\/post\/"}],"author":[{"embeddable":true,"href":"https:\/\/istac.org.tr\/tr\/wp-json\/wp\/v2\/users\/1\/"}],"replies":[{"embeddable":true,"href":"https:\/\/istac.org.tr\/tr\/wp-json\/wp\/v2\/comments\/?post=3171"}],"version-history":[{"count":1,"href":"https:\/\/istac.org.tr\/tr\/wp-json\/wp\/v2\/posts\/3171\/revisions\/"}],"predecessor-version":[{"id":3174,"href":"https:\/\/istac.org.tr\/tr\/wp-json\/wp\/v2\/posts\/3171\/revisions\/3174\/"}],"wp:attachment":[{"href":"https:\/\/istac.org.tr\/tr\/wp-json\/wp\/v2\/media\/?parent=3171"}],"wp:term":[{"taxonomy":"category","embeddable":true,"href":"https:\/\/istac.org.tr\/tr\/wp-json\/wp\/v2\/categories\/?post=3171"},{"taxonomy":"post_tag","embeddable":true,"href":"https:\/\/istac.org.tr\/tr\/wp-json\/wp\/v2\/tags\/?post=3171"}],"curies":[{"name":"wp","href":"https:\/\/api.w.org\/{rel}","templated":true}]}}