{"id":2795,"date":"2016-06-02T09:43:48","date_gmt":"2016-06-02T06:43:48","guid":{"rendered":"http:\/\/istac.org.tr\/?p=2795"},"modified":"2016-06-02T09:43:48","modified_gmt":"2016-06-02T06:43:48","slug":"tmmob-insaat-muhendisleri-odasi-ziyareti","status":"publish","type":"post","link":"https:\/\/istac.org.tr\/tr\/tmmob-insaat-muhendisleri-odasi-ziyareti\/","title":{"rendered":"TMMOB \u0130n\u015faat M\u00fchendisleri Odas\u0131 Ziyareti"},"content":{"rendered":"<p>\u0130stanbul Tahkim Merkezi, 1 Haziran 2016 tarihinde \u0130n\u015faat M\u00fchendisleri Odas\u0131&#8217;na bir ziyaret d\u00fczenledi. Ger\u00e7ekle\u015ftirilen ziyarete \u0130stanbul Tahkim Merkezi Ba\u015fkan\u0131 Prof. Dr. Ziya Ak\u0131nc\u0131 ve Y\u00f6netim Kurulu \u00dcyesi Av. Mehmet R\u0131fat Bacanl\u0131 ile \u0130MO Y\u00f6netim Kurulu Ba\u015fkan\u0131 Cemal G\u00f6k\u00e7e, Sekreter \u00dcyesi H\u00fcseyin Kaya ve Genel Sekreter Yard\u0131mc\u0131s\u0131 Serap Dedeo\u011flu kat\u0131ld\u0131. Ziyarette; Prof. Dr. Ziya Ak\u0131nc\u0131, tahkim ve arabuluculuk hizmetleri, tahkim ve arabuluculuk s\u00fcre\u00e7lerinin g\u00fcncel ihtiya\u00e7lar\u0131, uyu\u015fmazl\u0131klar\u0131n uzman ki\u015filerce etkin \u015fekilde milletleraras\u0131 standartlarda \u00e7\u00f6z\u00fcm\u00fc konular\u0131nda bilgi verdi.<\/p>\n<p><img loading=\"lazy\" class=\"aligncenter wp-image-2797 size-large\" src=\"http:\/\/istac.org.tr\/wp-content\/uploads\/2016\/06\/ins\u0327aat-mu\u0308hendisleri-odas\u0131-2-20160601-1024x683.jpg\" alt=\"ins\u0327aat mu\u0308hendisleri odas\u0131 -2 20160601\" width=\"1024\" height=\"683\" srcset=\"https:\/\/istac.org.tr\/wp-content\/uploads\/2016\/06\/ins\u0327aat-mu\u0308hendisleri-odas\u0131-2-20160601-1024x683.jpg 1024w, https:\/\/istac.org.tr\/wp-content\/uploads\/2016\/06\/ins\u0327aat-mu\u0308hendisleri-odas\u0131-2-20160601-300x200.jpg 300w, https:\/\/istac.org.tr\/wp-content\/uploads\/2016\/06\/ins\u0327aat-mu\u0308hendisleri-odas\u0131-2-20160601-768x512.jpg 768w, https:\/\/istac.org.tr\/wp-content\/uploads\/2016\/06\/ins\u0327aat-mu\u0308hendisleri-odas\u0131-2-20160601.jpg 1500w\" sizes=\"(max-width: 1024px) 100vw, 1024px\" \/><\/p>\n","protected":false},"excerpt":{"rendered":"<p>\u0130stanbul Tahkim Merkezi, 1 Haziran 2016 tarihinde \u0130n\u015faat M\u00fchendisleri Odas\u0131&#8217;na bir ziyaret d\u00fczenledi. Ger\u00e7ekle\u015ftirilen ziyarete \u0130stanbul Tahkim Merkezi Ba\u015fkan\u0131 Prof. Dr. Ziya Ak\u0131nc\u0131 ve Y\u00f6netim Kurulu \u00dcyesi Av. Mehmet R\u0131fat Bacanl\u0131 ile \u0130MO Y\u00f6netim Kurulu Ba\u015fkan\u0131 Cemal G\u00f6k\u00e7e, Sekreter \u00dcyesi H\u00fcseyin Kaya ve Genel Sekreter Yard\u0131mc\u0131s\u0131 Serap Dedeo\u011flu kat\u0131ld\u0131. Ziyarette; Prof. Dr. Ziya Ak\u0131nc\u0131, tahkim<a href=\"https:\/\/istac.org.tr\/tr\/tmmob-insaat-muhendisleri-odasi-ziyareti\/\">[&#8230;]<\/a><\/p>\n","protected":false},"author":1,"featured_media":0,"comment_status":"open","ping_status":"open","sticky":false,"template":"","format":"standard","meta":[],"categories":[3],"tags":[],"acf":[],"post_mailing_queue_ids":[],"_links":{"self":[{"href":"https:\/\/istac.org.tr\/tr\/wp-json\/wp\/v2\/posts\/2795\/"}],"collection":[{"href":"https:\/\/istac.org.tr\/tr\/wp-json\/wp\/v2\/posts\/"}],"about":[{"href":"https:\/\/istac.org.tr\/tr\/wp-json\/wp\/v2\/types\/post\/"}],"author":[{"embeddable":true,"href":"https:\/\/istac.org.tr\/tr\/wp-json\/wp\/v2\/users\/1\/"}],"replies":[{"embeddable":true,"href":"https:\/\/istac.org.tr\/tr\/wp-json\/wp\/v2\/comments\/?post=2795"}],"version-history":[{"count":2,"href":"https:\/\/istac.org.tr\/tr\/wp-json\/wp\/v2\/posts\/2795\/revisions\/"}],"predecessor-version":[{"id":2799,"href":"https:\/\/istac.org.tr\/tr\/wp-json\/wp\/v2\/posts\/2795\/revisions\/2799\/"}],"wp:attachment":[{"href":"https:\/\/istac.org.tr\/tr\/wp-json\/wp\/v2\/media\/?parent=2795"}],"wp:term":[{"taxonomy":"category","embeddable":true,"href":"https:\/\/istac.org.tr\/tr\/wp-json\/wp\/v2\/categories\/?post=2795"},{"taxonomy":"post_tag","embeddable":true,"href":"https:\/\/istac.org.tr\/tr\/wp-json\/wp\/v2\/tags\/?post=2795"}],"curies":[{"name":"wp","href":"https:\/\/api.w.org\/{rel}","templated":true}]}}