{"id":2756,"date":"2016-05-31T10:20:37","date_gmt":"2016-05-31T07:20:37","guid":{"rendered":"http:\/\/istac.org.tr\/?p=2756"},"modified":"2016-05-31T10:41:25","modified_gmt":"2016-05-31T07:41:25","slug":"hurriyet-gazetesi-vahap-munyarin-kose-yazisi","status":"publish","type":"post","link":"https:\/\/istac.org.tr\/tr\/hurriyet-gazetesi-vahap-munyarin-kose-yazisi\/","title":{"rendered":"H\u00fcrriyet Gazetesi Vahap Munyar&#8217;\u0131n K\u00f6\u015fe Yaz\u0131s\u0131"},"content":{"rendered":"<p>30 May\u0131s 2016 tarihli H\u00fcrriyet Gazetesi&#8217;nde yay\u0131nlanan Vahap Munyar&#8217;\u0131n k\u00f6\u015fe yaz\u0131s\u0131ndan: &#8220;\u0130STAC&#8217;\u0131n da y\u00f6netim kurulu \u00fcyesi olan Adalet Bakanl\u0131\u011f\u0131 Arabuluculuk Daire Ba\u015fkam Hakan \u00d6ztatar, &#8220;arabuluculuk&#8221; sisteminin ad\u0131m ad\u0131m yerle\u015fti\u011fim belirtti: Haz\u0131rlanan tasar\u0131 yasala\u015f\u0131rsa, &#8220;i\u015fe iade ba\u015fvurusu&#8221; \u00f6nce &#8220;Arabuluculuk Kurumu&#8221;na y\u00f6nelecek. Dava, en son \u00e7are olacak. &#8220;Arabulucu&#8221; uyu\u015fmazl\u0131\u011f\u0131 \u00e7\u00f6zemezse o zaman dava a\u00e7\u0131labilecek. &#8220;Arabuluculuk Merkezi&#8221;ne bug\u00fcne kadar 3 bin ba\u015fvuru yap\u0131ld\u0131\u011f\u0131n\u0131 vurgulad\u0131: Ba\u015fvurular\u0131n 2 bin 600&#8217;\u00fc i\u015f\u00e7i-i\u015fveren uyu\u015fmazl\u0131\u011f\u0131yd\u0131, k\u0131sa s\u00fcrede \u00e7\u00f6z\u00fcld\u00fc. Bu sistemde ba\u015fvurudan 4 hafta sonra &#8220;Arabulucu&#8221; tayin edilir ve taraflar bir araya getirilir. K\u0131sa s\u00fcrede \u00e7\u00f6z\u00fcm i\u00e7in \u00e7aba harcan\u0131r.&#8221;<\/p>\n<p><img loading=\"lazy\" class=\"aligncenter wp-image-2757 size-large\" src=\"http:\/\/istac.org.tr\/wp-content\/uploads\/2016\/05\/hurriyet_30.05.2016_57829127_1-662x1024.jpeg\" alt=\"hurriyet_30.05.2016_57829127_(1)\" width=\"662\" height=\"1024\" srcset=\"https:\/\/istac.org.tr\/wp-content\/uploads\/2016\/05\/hurriyet_30.05.2016_57829127_1-662x1024.jpeg 662w, https:\/\/istac.org.tr\/wp-content\/uploads\/2016\/05\/hurriyet_30.05.2016_57829127_1-194x300.jpeg 194w, https:\/\/istac.org.tr\/wp-content\/uploads\/2016\/05\/hurriyet_30.05.2016_57829127_1-768x1188.jpeg 768w, https:\/\/istac.org.tr\/wp-content\/uploads\/2016\/05\/hurriyet_30.05.2016_57829127_1.jpeg 1000w\" sizes=\"(max-width: 662px) 100vw, 662px\" \/><\/p>\n","protected":false},"excerpt":{"rendered":"<p>30 May\u0131s 2016 tarihli H\u00fcrriyet Gazetesi&#8217;nde yay\u0131nlanan Vahap Munyar&#8217;\u0131n k\u00f6\u015fe yaz\u0131s\u0131ndan: &#8220;\u0130STAC&#8217;\u0131n da y\u00f6netim kurulu \u00fcyesi olan Adalet Bakanl\u0131\u011f\u0131 Arabuluculuk Daire Ba\u015fkam Hakan \u00d6ztatar, &#8220;arabuluculuk&#8221; sisteminin ad\u0131m ad\u0131m yerle\u015fti\u011fim belirtti: Haz\u0131rlanan tasar\u0131 yasala\u015f\u0131rsa, &#8220;i\u015fe iade ba\u015fvurusu&#8221; \u00f6nce &#8220;Arabuluculuk Kurumu&#8221;na y\u00f6nelecek. Dava, en son \u00e7are olacak. &#8220;Arabulucu&#8221; uyu\u015fmazl\u0131\u011f\u0131 \u00e7\u00f6zemezse o zaman dava a\u00e7\u0131labilecek. &#8220;Arabuluculuk Merkezi&#8221;ne bug\u00fcne<a href=\"https:\/\/istac.org.tr\/tr\/hurriyet-gazetesi-vahap-munyarin-kose-yazisi\/\">[&#8230;]<\/a><\/p>\n","protected":false},"author":1,"featured_media":0,"comment_status":"open","ping_status":"open","sticky":false,"template":"","format":"standard","meta":[],"categories":[6],"tags":[35,39],"acf":[],"post_mailing_queue_ids":[],"_links":{"self":[{"href":"https:\/\/istac.org.tr\/tr\/wp-json\/wp\/v2\/posts\/2756\/"}],"collection":[{"href":"https:\/\/istac.org.tr\/tr\/wp-json\/wp\/v2\/posts\/"}],"about":[{"href":"https:\/\/istac.org.tr\/tr\/wp-json\/wp\/v2\/types\/post\/"}],"author":[{"embeddable":true,"href":"https:\/\/istac.org.tr\/tr\/wp-json\/wp\/v2\/users\/1\/"}],"replies":[{"embeddable":true,"href":"https:\/\/istac.org.tr\/tr\/wp-json\/wp\/v2\/comments\/?post=2756"}],"version-history":[{"count":1,"href":"https:\/\/istac.org.tr\/tr\/wp-json\/wp\/v2\/posts\/2756\/revisions\/"}],"predecessor-version":[{"id":2759,"href":"https:\/\/istac.org.tr\/tr\/wp-json\/wp\/v2\/posts\/2756\/revisions\/2759\/"}],"wp:attachment":[{"href":"https:\/\/istac.org.tr\/tr\/wp-json\/wp\/v2\/media\/?parent=2756"}],"wp:term":[{"taxonomy":"category","embeddable":true,"href":"https:\/\/istac.org.tr\/tr\/wp-json\/wp\/v2\/categories\/?post=2756"},{"taxonomy":"post_tag","embeddable":true,"href":"https:\/\/istac.org.tr\/tr\/wp-json\/wp\/v2\/tags\/?post=2756"}],"curies":[{"name":"wp","href":"https:\/\/api.w.org\/{rel}","templated":true}]}}