{"id":2752,"date":"2016-05-31T10:15:52","date_gmt":"2016-05-31T07:15:52","guid":{"rendered":"http:\/\/istac.org.tr\/?p=2752"},"modified":"2016-05-31T10:16:17","modified_gmt":"2016-05-31T07:16:17","slug":"aksam-gazetesi-adalete-hizli-erisim-diger-adi","status":"publish","type":"post","link":"https:\/\/istac.org.tr\/tr\/aksam-gazetesi-adalete-hizli-erisim-diger-adi\/","title":{"rendered":"Ak\u015fam Gazetesi: &#8220;Adalete H\u0131zl\u0131 Eri\u015fim Di\u011fer Ad\u0131&#8221;"},"content":{"rendered":"<p>30 May\u0131s 2016 tarihli Ak\u015fam Gazetesi haberinden: &#8220;Hafta ba\u015f\u0131nda, TOBB Ba\u015fkan\u0131 Rifat Hisarc\u0131kl\u0131o\u011flu ve \u0130stanbul Tahkim Merkezi&#8217;nin (ISTAC) Y\u00f6netim Kurulu Ba\u015fkan\u0131 Prof. Dr. Ziya Ak\u0131nc\u0131&#8217;n\u0131n ev sahipli\u011finde ger\u00e7ekle\u015fen bulu\u015fmam\u0131z\u0131n kat\u0131l\u0131mc\u0131lar\u0131ndan biri de ISTAC Y\u00f6netim Kurulu \u00dcyesi Hakan \u00d6ztatar&#8217;d\u0131. \u00d6ztatar, ayn\u0131 zamanda Adalet Bakanl\u0131\u011f\u0131 Arabuluculuk Daire Ba\u015fkanl\u0131\u011f\u0131 g\u00f6revini y\u00fcr\u00fct\u00fcyor. Rifat Hisarc\u0131kl\u0131o\u011flu ve Ziya Ak\u0131nc\u0131&#8217;n\u0131n istanbul Tahkim Merkezi&#8217;yle ilgili payla\u015ft\u0131\u011f\u0131 bilgilerin ard\u0131ndan konu bir di\u011fer alternatif yarg\u0131 y\u00f6ntemi olan arabuluculuk sistemine geldi. Adalet Bakanl\u0131\u011f\u0131 olarak arabuluculuk ve tahkim mekanizmas\u0131na tam destek verdiklerini anlatan Hakan \u00d6ztatar, uyu\u015fmazl\u0131klar\u0131n mahkemelerden \u00f6nce arabulucuya g\u00f6t\u00fcr\u00fclmesini \u00f6ng\u00f6ren d\u00fczenlemenin 2017&#8217;den itibaren hayata ge\u00e7irilece\u011fi bilgisini payla\u015ft\u0131. Arabuluculuk konusunun h\u00fck\u00fcmetin 6 ayl\u0131k eylem plan\u0131nda bulundu\u011funu anlatan \u00d6ztatar, &#8220;\u0130\u015fe iade davalar\u0131 dahil bireysel t\u00fcm uyu\u015fmazl\u0131klar \u00f6ncelikle arabuluculuk sistemine girecek. Bu konudaki taslak metin g\u00f6r\u00fc\u015fe g\u00f6nderildi, g\u00f6r\u00fc\u015ften geldi&#8221; ifadelerini kulland\u0131.&#8221;.<br \/>\n<img loading=\"lazy\" class=\"aligncenter wp-image-2753 size-large\" src=\"http:\/\/istac.org.tr\/wp-content\/uploads\/2016\/05\/aksam_30.05.2016_57829499_2-802x1024.jpeg\" alt=\"aksam_30.05.2016_57829499_(2)\" width=\"802\" height=\"1024\" srcset=\"https:\/\/istac.org.tr\/wp-content\/uploads\/2016\/05\/aksam_30.05.2016_57829499_2-802x1024.jpeg 802w, https:\/\/istac.org.tr\/wp-content\/uploads\/2016\/05\/aksam_30.05.2016_57829499_2-235x300.jpeg 235w, https:\/\/istac.org.tr\/wp-content\/uploads\/2016\/05\/aksam_30.05.2016_57829499_2-768x980.jpeg 768w, https:\/\/istac.org.tr\/wp-content\/uploads\/2016\/05\/aksam_30.05.2016_57829499_2.jpeg 951w\" sizes=\"(max-width: 802px) 100vw, 802px\" \/><\/p>\n","protected":false},"excerpt":{"rendered":"<p>30 May\u0131s 2016 tarihli Ak\u015fam Gazetesi haberinden: &#8220;Hafta ba\u015f\u0131nda, TOBB Ba\u015fkan\u0131 Rifat Hisarc\u0131kl\u0131o\u011flu ve \u0130stanbul Tahkim Merkezi&#8217;nin (ISTAC) Y\u00f6netim Kurulu Ba\u015fkan\u0131 Prof. Dr. Ziya Ak\u0131nc\u0131&#8217;n\u0131n ev sahipli\u011finde ger\u00e7ekle\u015fen bulu\u015fmam\u0131z\u0131n kat\u0131l\u0131mc\u0131lar\u0131ndan biri de ISTAC Y\u00f6netim Kurulu \u00dcyesi Hakan \u00d6ztatar&#8217;d\u0131. \u00d6ztatar, ayn\u0131 zamanda Adalet Bakanl\u0131\u011f\u0131 Arabuluculuk Daire Ba\u015fkanl\u0131\u011f\u0131 g\u00f6revini y\u00fcr\u00fct\u00fcyor. Rifat Hisarc\u0131kl\u0131o\u011flu ve Ziya Ak\u0131nc\u0131&#8217;n\u0131n istanbul Tahkim<a href=\"https:\/\/istac.org.tr\/tr\/aksam-gazetesi-adalete-hizli-erisim-diger-adi\/\">[&#8230;]<\/a><\/p>\n","protected":false},"author":1,"featured_media":0,"comment_status":"open","ping_status":"open","sticky":false,"template":"","format":"standard","meta":[],"categories":[6],"tags":[35,39],"acf":[],"post_mailing_queue_ids":[],"_links":{"self":[{"href":"https:\/\/istac.org.tr\/tr\/wp-json\/wp\/v2\/posts\/2752\/"}],"collection":[{"href":"https:\/\/istac.org.tr\/tr\/wp-json\/wp\/v2\/posts\/"}],"about":[{"href":"https:\/\/istac.org.tr\/tr\/wp-json\/wp\/v2\/types\/post\/"}],"author":[{"embeddable":true,"href":"https:\/\/istac.org.tr\/tr\/wp-json\/wp\/v2\/users\/1\/"}],"replies":[{"embeddable":true,"href":"https:\/\/istac.org.tr\/tr\/wp-json\/wp\/v2\/comments\/?post=2752"}],"version-history":[{"count":1,"href":"https:\/\/istac.org.tr\/tr\/wp-json\/wp\/v2\/posts\/2752\/revisions\/"}],"predecessor-version":[{"id":2755,"href":"https:\/\/istac.org.tr\/tr\/wp-json\/wp\/v2\/posts\/2752\/revisions\/2755\/"}],"wp:attachment":[{"href":"https:\/\/istac.org.tr\/tr\/wp-json\/wp\/v2\/media\/?parent=2752"}],"wp:term":[{"taxonomy":"category","embeddable":true,"href":"https:\/\/istac.org.tr\/tr\/wp-json\/wp\/v2\/categories\/?post=2752"},{"taxonomy":"post_tag","embeddable":true,"href":"https:\/\/istac.org.tr\/tr\/wp-json\/wp\/v2\/tags\/?post=2752"}],"curies":[{"name":"wp","href":"https:\/\/api.w.org\/{rel}","templated":true}]}}