{"id":2688,"date":"2016-05-25T23:14:34","date_gmt":"2016-05-25T20:14:34","guid":{"rendered":"http:\/\/istac.org.tr\/?p=2688"},"modified":"2016-05-26T23:20:05","modified_gmt":"2016-05-26T20:20:05","slug":"aksam-gazetesi-kuresel-tahkim-icin-baska-merkez-yok","status":"publish","type":"post","link":"https:\/\/istac.org.tr\/tr\/aksam-gazetesi-kuresel-tahkim-icin-baska-merkez-yok\/","title":{"rendered":"Ak\u015fam Gazetesi: &#8220;K\u00fcresel Tahkim \u0130\u00e7in Ba\u015fka Merkez Yok&#8221;"},"content":{"rendered":"<p>25 May\u0131s 2016 tarihli Ak\u015fam Gazetesi&#8217;nden: &#8220;ISTAC, k\u00fcresel standartlan uygun kuruldu. Yabanc\u0131 yat\u0131r\u0131mc\u0131n\u0131n kafas\u0131nda soru i\u015fareti kalm\u0131yor. Uyu\u015fmazl\u0131klan en ge\u00e7 3 ay i\u00e7inde sonland\u0131rmay\u0131 taahh\u00fct ediyoruz&#8221; dedi. (&#8230;)\u00a0\u0130stanbulun bir tahkim \u00fcss\u00fc haline d\u00f6n\u00fc\u015fmesini hedeflediklerini anlatan Hisarc\u0131kl\u0131o\u011flu, &#8220;B\u00f6lgede siyaseten tarafs\u0131z, etkin hukuk ve ticari \u00e7e\u015fitlili\u011fe sahip en geli\u015fmi\u015f \u00fclkeyiz. Farkl\u0131 k\u00fclt\u00fcrlere a\u00e7\u0131k birT\u00fcrkiye, yak\u0131n zamanda b\u00f6lgenin en \u00e7ok tercih edilen tahkim \u00fcss\u00fc haline gelecektir.TOBB olarak bug\u00fcn \u0130STAC&#8217;a en fazia temsilci g\u00f6nderen kurulu\u015f olarak en b\u00fcy\u00fck payda\u015f\u0131y\u0131z&#8221; dedi.&#8221;.<\/p>\n<p><img loading=\"lazy\" class=\"aligncenter wp-image-2689 size-large\" src=\"http:\/\/istac.org.tr\/wp-content\/uploads\/2016\/05\/aksam_25.05.2016_57697646_1-3-788x1024.jpeg\" alt=\"aksam_25.05.2016_57697646_(1) 3\" width=\"788\" height=\"1024\" srcset=\"https:\/\/istac.org.tr\/wp-content\/uploads\/2016\/05\/aksam_25.05.2016_57697646_1-3-788x1024.jpeg 788w, https:\/\/istac.org.tr\/wp-content\/uploads\/2016\/05\/aksam_25.05.2016_57697646_1-3-231x300.jpeg 231w, https:\/\/istac.org.tr\/wp-content\/uploads\/2016\/05\/aksam_25.05.2016_57697646_1-3-768x998.jpeg 768w, https:\/\/istac.org.tr\/wp-content\/uploads\/2016\/05\/aksam_25.05.2016_57697646_1-3.jpeg 973w\" sizes=\"(max-width: 788px) 100vw, 788px\" \/><\/p>\n","protected":false},"excerpt":{"rendered":"<p>25 May\u0131s 2016 tarihli Ak\u015fam Gazetesi&#8217;nden: &#8220;ISTAC, k\u00fcresel standartlan uygun kuruldu. Yabanc\u0131 yat\u0131r\u0131mc\u0131n\u0131n kafas\u0131nda soru i\u015fareti kalm\u0131yor. Uyu\u015fmazl\u0131klan en ge\u00e7 3 ay i\u00e7inde sonland\u0131rmay\u0131 taahh\u00fct ediyoruz&#8221; dedi. (&#8230;)\u00a0\u0130stanbulun bir tahkim \u00fcss\u00fc haline d\u00f6n\u00fc\u015fmesini hedeflediklerini anlatan Hisarc\u0131kl\u0131o\u011flu, &#8220;B\u00f6lgede siyaseten tarafs\u0131z, etkin hukuk ve ticari \u00e7e\u015fitlili\u011fe sahip en geli\u015fmi\u015f \u00fclkeyiz. Farkl\u0131 k\u00fclt\u00fcrlere a\u00e7\u0131k birT\u00fcrkiye, yak\u0131n zamanda b\u00f6lgenin<a href=\"https:\/\/istac.org.tr\/tr\/aksam-gazetesi-kuresel-tahkim-icin-baska-merkez-yok\/\">[&#8230;]<\/a><\/p>\n","protected":false},"author":1,"featured_media":0,"comment_status":"open","ping_status":"open","sticky":false,"template":"","format":"standard","meta":[],"categories":[6],"tags":[],"acf":[],"post_mailing_queue_ids":[],"_links":{"self":[{"href":"https:\/\/istac.org.tr\/tr\/wp-json\/wp\/v2\/posts\/2688\/"}],"collection":[{"href":"https:\/\/istac.org.tr\/tr\/wp-json\/wp\/v2\/posts\/"}],"about":[{"href":"https:\/\/istac.org.tr\/tr\/wp-json\/wp\/v2\/types\/post\/"}],"author":[{"embeddable":true,"href":"https:\/\/istac.org.tr\/tr\/wp-json\/wp\/v2\/users\/1\/"}],"replies":[{"embeddable":true,"href":"https:\/\/istac.org.tr\/tr\/wp-json\/wp\/v2\/comments\/?post=2688"}],"version-history":[{"count":2,"href":"https:\/\/istac.org.tr\/tr\/wp-json\/wp\/v2\/posts\/2688\/revisions\/"}],"predecessor-version":[{"id":2692,"href":"https:\/\/istac.org.tr\/tr\/wp-json\/wp\/v2\/posts\/2688\/revisions\/2692\/"}],"wp:attachment":[{"href":"https:\/\/istac.org.tr\/tr\/wp-json\/wp\/v2\/media\/?parent=2688"}],"wp:term":[{"taxonomy":"category","embeddable":true,"href":"https:\/\/istac.org.tr\/tr\/wp-json\/wp\/v2\/categories\/?post=2688"},{"taxonomy":"post_tag","embeddable":true,"href":"https:\/\/istac.org.tr\/tr\/wp-json\/wp\/v2\/tags\/?post=2688"}],"curies":[{"name":"wp","href":"https:\/\/api.w.org\/{rel}","templated":true}]}}