{"id":2645,"date":"2016-05-25T12:02:48","date_gmt":"2016-05-25T09:02:48","guid":{"rendered":"http:\/\/istac.org.tr\/?p=2645"},"modified":"2016-06-01T08:53:07","modified_gmt":"2016-06-01T05:53:07","slug":"25-mayis-2016-eskisehir-sanayi-odasi-ve-eskisehir-barosu-istac-konferansi","status":"publish","type":"post","link":"https:\/\/istac.org.tr\/tr\/25-mayis-2016-eskisehir-sanayi-odasi-ve-eskisehir-barosu-istac-konferansi\/","title":{"rendered":"25 May\u0131s 2016 &#8220;Eski\u015fehir Sanayi Odas\u0131 ve Eski\u015fehir Barosu ISTAC Konferans\u0131&#8221;"},"content":{"rendered":"<p>Eski\u015fehir Sanayi Odas\u0131 ve Eski\u015fehir Barosu&#8217;nun davetiyle, 25 May\u0131s 2016 \u00c7ar\u015famba g\u00fcn\u00fc &#8220;<span style=\"line-height: 1.5;\">Tahkim Kurallar\u0131 Uyar\u0131nca Uyu\u015fmalz\u0131klar\u0131n H\u0131zl\u0131 ve Etkin \u00c7\u00f6z\u00fcm\u00fc&#8221; ba\u015fl\u0131kl\u0131 konferans\u00a0Eski\u015fehir\u00a0Hasan Polatkan K\u00fclt\u00fcr Merkezi&#8217;nde ger\u00e7ekle\u015ftirildi.\u00a0<\/span><\/p>\n<p>ISTAC Ba\u015fkan\u0131 Prof. Dr. Ziya Ak\u0131nc\u0131, Milli Divan \u00fcyesi Do\u00e7. Dr. Cemile Demir G\u00f6kyayla ile ISTAC Genel Sekreteri Dr. Candan Yasan&#8217;\u0131n, ISTAC Tahkim Kurallar\u0131&#8217;n\u0131n i\u015f d\u00fcnyas\u0131 ve avukatlara sundu\u011fu avantajlar\u0131 a\u00e7\u0131klad\u0131\u011f\u0131 bu toplant\u0131ya, Eski\u015fehir sanayisi, Eski\u015fehir Barosu avukatlar\u0131 ile Anadolu \u00dcniversitesi \u00f6\u011fretim \u00fcyeleri yo\u011fun bir ilgi g\u00f6sterdi.<\/p>\n<p><img loading=\"lazy\" class=\"aligncenter wp-image-2646\" src=\"http:\/\/istac.org.tr\/wp-content\/uploads\/2016\/05\/eskis\u0327ehir-sanayi-odas\u0131-barosu.jpg\" alt=\"eskis\u0327ehir sanayi odas\u0131 barosu\" width=\"600\" height=\"338\" srcset=\"https:\/\/istac.org.tr\/wp-content\/uploads\/2016\/05\/eskis\u0327ehir-sanayi-odas\u0131-barosu.jpg 960w, https:\/\/istac.org.tr\/wp-content\/uploads\/2016\/05\/eskis\u0327ehir-sanayi-odas\u0131-barosu-300x169.jpg 300w, https:\/\/istac.org.tr\/wp-content\/uploads\/2016\/05\/eskis\u0327ehir-sanayi-odas\u0131-barosu-768x432.jpg 768w\" sizes=\"(max-width: 600px) 100vw, 600px\" \/><\/p>\n","protected":false},"excerpt":{"rendered":"<p>Eski\u015fehir Sanayi Odas\u0131 ve Eski\u015fehir Barosu&#8217;nun davetiyle, 25 May\u0131s 2016 \u00c7ar\u015famba g\u00fcn\u00fc &#8220;Tahkim Kurallar\u0131 Uyar\u0131nca Uyu\u015fmalz\u0131klar\u0131n H\u0131zl\u0131 ve Etkin \u00c7\u00f6z\u00fcm\u00fc&#8221; ba\u015fl\u0131kl\u0131 konferans\u00a0Eski\u015fehir\u00a0Hasan Polatkan K\u00fclt\u00fcr Merkezi&#8217;nde ger\u00e7ekle\u015ftirildi.\u00a0 ISTAC Ba\u015fkan\u0131 Prof. Dr. Ziya Ak\u0131nc\u0131, Milli Divan \u00fcyesi Do\u00e7. Dr. Cemile Demir G\u00f6kyayla ile ISTAC Genel Sekreteri Dr. Candan Yasan&#8217;\u0131n, ISTAC Tahkim Kurallar\u0131&#8217;n\u0131n i\u015f d\u00fcnyas\u0131 ve avukatlara sundu\u011fu<a href=\"https:\/\/istac.org.tr\/tr\/25-mayis-2016-eskisehir-sanayi-odasi-ve-eskisehir-barosu-istac-konferansi\/\">[&#8230;]<\/a><\/p>\n","protected":false},"author":1,"featured_media":0,"comment_status":"open","ping_status":"open","sticky":false,"template":"","format":"standard","meta":[],"categories":[4],"tags":[30,29,26,25],"acf":[],"post_mailing_queue_ids":[],"_links":{"self":[{"href":"https:\/\/istac.org.tr\/tr\/wp-json\/wp\/v2\/posts\/2645\/"}],"collection":[{"href":"https:\/\/istac.org.tr\/tr\/wp-json\/wp\/v2\/posts\/"}],"about":[{"href":"https:\/\/istac.org.tr\/tr\/wp-json\/wp\/v2\/types\/post\/"}],"author":[{"embeddable":true,"href":"https:\/\/istac.org.tr\/tr\/wp-json\/wp\/v2\/users\/1\/"}],"replies":[{"embeddable":true,"href":"https:\/\/istac.org.tr\/tr\/wp-json\/wp\/v2\/comments\/?post=2645"}],"version-history":[{"count":2,"href":"https:\/\/istac.org.tr\/tr\/wp-json\/wp\/v2\/posts\/2645\/revisions\/"}],"predecessor-version":[{"id":2649,"href":"https:\/\/istac.org.tr\/tr\/wp-json\/wp\/v2\/posts\/2645\/revisions\/2649\/"}],"wp:attachment":[{"href":"https:\/\/istac.org.tr\/tr\/wp-json\/wp\/v2\/media\/?parent=2645"}],"wp:term":[{"taxonomy":"category","embeddable":true,"href":"https:\/\/istac.org.tr\/tr\/wp-json\/wp\/v2\/categories\/?post=2645"},{"taxonomy":"post_tag","embeddable":true,"href":"https:\/\/istac.org.tr\/tr\/wp-json\/wp\/v2\/tags\/?post=2645"}],"curies":[{"name":"wp","href":"https:\/\/api.w.org\/{rel}","templated":true}]}}