{"id":24294,"date":"2026-04-28T15:27:27","date_gmt":"2026-04-28T12:27:27","guid":{"rendered":"https:\/\/istac.org.tr\/?p=24294"},"modified":"2026-04-28T18:55:20","modified_gmt":"2026-04-28T15:55:20","slug":"15-mayis-2026-25-yilinda-milletlerarasi-tahkim-kanunu-konferansi","status":"publish","type":"post","link":"https:\/\/istac.org.tr\/tr\/15-mayis-2026-25-yilinda-milletlerarasi-tahkim-kanunu-konferansi\/","title":{"rendered":"15 May\u0131s 2026- \u201c25. Y\u0131l\u0131nda Milletleraras\u0131 Tahkim Kanunu\u201d Konferans\u0131"},"content":{"rendered":"\r\n<style type=\"text\/css\">\r\n.button_wrapper_id_24308{\r\n\tmargin-top: 10px!important;\r\n\tmargin-right: 10px!important;\r\n\tmargin-bottom: 10px!important;\r\n\tmargin-left: 10px!important;\r\n\tdisplay: inline-block;}\r\n.button_container_id_24308{\r\n\twidth: 140px!important;\t\r\n\ttext-align: center!important;\r\n\tmargin: 0 auto!important;\t\r\n}\r\n\r\n.wd_button_24308{\r\n\tline-height: 1.42857143;\r\n\ttext-decoration: none!important;\r\n\tdisplay: inline-block;\r\n\tborder-bottom: none;\t\r\n\twidth: 140px!important;\r\n\theight: 45px;\r\n\tpadding-top: 10px!important;\r\n\tpadding-right: 10px!important;\r\n\tpadding-bottom: 10px!important;\r\n\tpadding-left: 10px!important;\r\n\tcolor: #ffffff!important;\t\r\n\tfont-size: 20px!important;\r\n\tfont-weight: ;\r\n\tfont-style: ;\r\n\ttext-align: center;\r\n\r\n\t\t\tborder-top-left-radius: 10px;\r\n\t\tborder-top-right-radius: 10px;\r\n\t\tborder-bottom-left-radius:  10px;\r\n\t\tborder-bottom-right-radius: 10px;\r\n\t\t\r\n\t\t\t\t\t\t\tborder-style: solid;\r\n\t\t\t\tborder-width: 1px;\r\n\t\t\t\tborder-color: #1e73be;\r\n\t\t\t\t\t\t\t\ttext-shadow:0px 0px 0px #ffffff;\r\n\r\n\r\n\t\t\t\t-webkit-box-shadow: 0px 0px 0px #b5b5b5;\r\n\t\t\t\t-moz-box-shadow: 0px 0px 0px #b5b5b5;\r\n\t\t\t\tbox-shadow: 0px 0px 0px #b5b5b5;\r\n\r\n\r\n\t\t\t\tbackground: -webkit-gradient(linear, left top, left bottom, color-stop(45%, rgba(30,115,190,1)), color-stop(1, rgba(30,115,190,1)));\r\n\t\t\t\tbackground: -moz-linear-gradient(rgba(30,115,190,1) 45%, rgba(30,115,190,1));\r\n\t\t\t\tbackground: -o-linear-gradient(rgba(30,115,190,1) 45%, rgba(30,115,190,1));\r\n\t\t\t\tbackground: linear-gradient(rgba(30,115,190,1) 45%, rgba(30,115,190,1));\r\n\t\t\t\twebkit-transition: all 0.3s;\r\n\t\t\t\t-moz-transition: all 0.3s;\r\n\t\t\t\ttransition: all 0.3s;\r\n\t\t\t}\r\n\r\n\t\t\t\r\n\r\n\t\t\t\t.wd_button_24308:hover{\r\n\t\t\t\t\tcolor: #1e73be!important;\r\n\t\t\t\t\ttext-shadow:0px 0px 0px #ffffff;\r\n\t\t\t\t\ttext-shadow-color:#ffffff;\t\r\n\t\t\t\t\tborder-color: #1e73be;\r\n\t\t\t\t\t-webkit-box-shadow: 0px 0px 0px #b5b5b5;\r\n\t\t\t\t\t-moz-box-shadow: 0px 0px 0px #b5b5b5;\r\n\t\t\t\t\tbox-shadow: 0px 0px 0px #b5b5b5;\r\n\r\n\t\t\t\t\t\t\t\t\t\t\tbackground: -webkit-gradient(linear, left top, left bottom, color-stop(45%, rgba(255,255,255,1)), color-stop(1, rgba(255,255,255,1)));\r\n\t\t\t\t\t\tbackground: -moz-linear-gradient(rgba(255,255,255,1) 45%, rgba(255,255,255,1));\r\n\t\t\t\t\t\tbackground: -o-linear-gradient(rgba(255,255,255,1) 45%, rgba(255,255,255,1));\r\n\t\t\t\t\t\tbackground: linear-gradient(rgba(255,255,255,1) 45%, rgba(255,255,255,1));\r\n\t\t\t\t\t\t\r\n\r\n\t\t\t\t\t\twebkit-transition: all 0.3s;\r\n\t\t\t\t\t\t-moz-transition: all 0.3s;\r\n\t\t\t\t\t\ttransition: all 0.3s;\r\n\t\t\t\t\t}\r\n\t\t\t\t\t<\/style>\r\n<style type=\"text\/css\">\r\n<\/style>\r\n<div class=\"button_wrapper_id_24308\">\r\n\t<div class=\"button_container button_container_id_24308\">\t\r\n\t\t<a href=\"https:\/\/tahkim.istac.org.tr\/core\/events\/4714ebd6-1ccb-474b-87f8-d21d31c26657\/\" target=\"_blank\" id=\"wd_button\" class=\"wd-hvr-simple wd_button_24308 \"  >Kay\u0131t<\/a>\t\r\n\t\t<div class=\"clear_fix\"><\/div>\r\n\t<\/div>\r\n<\/div>\n<p>\u0130stanbul Tahkim Merkezi olarak, Galatasaray \u00dcniversitesi Hukuk Fak\u00fcltesi Milletleraras\u0131 \u00d6zel Hukuk Anabilim Dal\u0131 ile birlikte d\u00fczenledi\u011fimiz \u201c25. Y\u0131l\u0131nda Milletleraras\u0131 Tahkim Kanunu\u201d ba\u015fl\u0131kl\u0131 konferans\u0131m\u0131z, 15 May\u0131s 2026 Cuma g\u00fcn\u00fc Galatasaray \u00dcniversitesi Ayd\u0131n Do\u011fan Konferans Salonu\u2019nda ger\u00e7ekle\u015ftirilecektir.<\/p>\n<p>Kabul edilmesinden bug\u00fcne ge\u00e7en 25 y\u0131ll\u0131k s\u00fcre\u00e7te Milletleraras\u0131 Tahkim Kanunu uygulamas\u0131nda kar\u015f\u0131la\u015f\u0131lan sorunlar, \u00e7\u00f6z\u00fcm \u00f6nerileri ve Kanun&#8217;da ger\u00e7ekle\u015ftirilebilecek de\u011fi\u015fiklik \u00f6nerilerinin tart\u0131\u015f\u0131laca\u011f\u0131 Konferans\u0131m\u0131za kat\u0131lmak i\u00e7in kay\u0131t butonuna t\u0131klayarak kay\u0131t olu\u015fturabilirsiniz.<\/p>\n<p>&nbsp;<\/p>\n<p><img loading=\"lazy\" class=\"aligncenter size-medium wp-image-24295\" src=\"https:\/\/istac.org.tr\/wp-content\/uploads\/2026\/04\/1-240x300.png\" alt=\"\" width=\"240\" height=\"300\" srcset=\"https:\/\/istac.org.tr\/wp-content\/uploads\/2026\/04\/1-240x300.png 240w, https:\/\/istac.org.tr\/wp-content\/uploads\/2026\/04\/1-819x1024.png 819w, https:\/\/istac.org.tr\/wp-content\/uploads\/2026\/04\/1-768x960.png 768w, https:\/\/istac.org.tr\/wp-content\/uploads\/2026\/04\/1.png 1080w\" sizes=\"(max-width: 240px) 100vw, 240px\" \/> <img loading=\"lazy\" class=\"aligncenter size-medium wp-image-24297\" src=\"https:\/\/istac.org.tr\/wp-content\/uploads\/2026\/04\/2-240x300.png\" alt=\"\" width=\"240\" height=\"300\" srcset=\"https:\/\/istac.org.tr\/wp-content\/uploads\/2026\/04\/2-240x300.png 240w, https:\/\/istac.org.tr\/wp-content\/uploads\/2026\/04\/2-819x1024.png 819w, https:\/\/istac.org.tr\/wp-content\/uploads\/2026\/04\/2-768x960.png 768w, https:\/\/istac.org.tr\/wp-content\/uploads\/2026\/04\/2.png 1080w\" sizes=\"(max-width: 240px) 100vw, 240px\" \/> <img loading=\"lazy\" class=\"aligncenter size-medium wp-image-24299\" src=\"https:\/\/istac.org.tr\/wp-content\/uploads\/2026\/04\/3-240x300.png\" alt=\"\" width=\"240\" height=\"300\" srcset=\"https:\/\/istac.org.tr\/wp-content\/uploads\/2026\/04\/3-240x300.png 240w, https:\/\/istac.org.tr\/wp-content\/uploads\/2026\/04\/3-819x1024.png 819w, https:\/\/istac.org.tr\/wp-content\/uploads\/2026\/04\/3-768x960.png 768w, https:\/\/istac.org.tr\/wp-content\/uploads\/2026\/04\/3.png 1080w\" sizes=\"(max-width: 240px) 100vw, 240px\" \/> <img loading=\"lazy\" class=\"aligncenter size-medium wp-image-24301\" src=\"https:\/\/istac.org.tr\/wp-content\/uploads\/2026\/04\/4-240x300.png\" alt=\"\" width=\"240\" height=\"300\" srcset=\"https:\/\/istac.org.tr\/wp-content\/uploads\/2026\/04\/4-240x300.png 240w, https:\/\/istac.org.tr\/wp-content\/uploads\/2026\/04\/4-819x1024.png 819w, https:\/\/istac.org.tr\/wp-content\/uploads\/2026\/04\/4-768x960.png 768w, https:\/\/istac.org.tr\/wp-content\/uploads\/2026\/04\/4.png 1080w\" sizes=\"(max-width: 240px) 100vw, 240px\" \/> <img loading=\"lazy\" class=\"aligncenter size-medium wp-image-24303\" src=\"https:\/\/istac.org.tr\/wp-content\/uploads\/2026\/04\/5-240x300.png\" alt=\"\" width=\"240\" height=\"300\" srcset=\"https:\/\/istac.org.tr\/wp-content\/uploads\/2026\/04\/5-240x300.png 240w, https:\/\/istac.org.tr\/wp-content\/uploads\/2026\/04\/5-819x1024.png 819w, https:\/\/istac.org.tr\/wp-content\/uploads\/2026\/04\/5-768x960.png 768w, https:\/\/istac.org.tr\/wp-content\/uploads\/2026\/04\/5.png 1080w\" sizes=\"(max-width: 240px) 100vw, 240px\" \/><\/p>\n","protected":false},"excerpt":{"rendered":"<p>\u0130stanbul Tahkim Merkezi olarak, Galatasaray \u00dcniversitesi Hukuk Fak\u00fcltesi Milletleraras\u0131 \u00d6zel Hukuk Anabilim Dal\u0131 ile birlikte d\u00fczenledi\u011fimiz \u201c25. Y\u0131l\u0131nda Milletleraras\u0131 Tahkim Kanunu\u201d ba\u015fl\u0131kl\u0131 konferans\u0131m\u0131z, 15 May\u0131s 2026 Cuma g\u00fcn\u00fc Galatasaray \u00dcniversitesi Ayd\u0131n Do\u011fan Konferans Salonu\u2019nda ger\u00e7ekle\u015ftirilecektir. Kabul edilmesinden bug\u00fcne ge\u00e7en 25 y\u0131ll\u0131k s\u00fcre\u00e7te Milletleraras\u0131 Tahkim Kanunu uygulamas\u0131nda kar\u015f\u0131la\u015f\u0131lan sorunlar, \u00e7\u00f6z\u00fcm \u00f6nerileri ve Kanun&#8217;da ger\u00e7ekle\u015ftirilebilecek de\u011fi\u015fiklik \u00f6nerilerinin<a href=\"https:\/\/istac.org.tr\/tr\/15-mayis-2026-25-yilinda-milletlerarasi-tahkim-kanunu-konferansi\/\">[&#8230;]<\/a><\/p>\n","protected":false},"author":1,"featured_media":0,"comment_status":"open","ping_status":"open","sticky":false,"template":"","format":"standard","meta":[],"categories":[4,1],"tags":[],"acf":[],"post_mailing_queue_ids":[],"_links":{"self":[{"href":"https:\/\/istac.org.tr\/tr\/wp-json\/wp\/v2\/posts\/24294\/"}],"collection":[{"href":"https:\/\/istac.org.tr\/tr\/wp-json\/wp\/v2\/posts\/"}],"about":[{"href":"https:\/\/istac.org.tr\/tr\/wp-json\/wp\/v2\/types\/post\/"}],"author":[{"embeddable":true,"href":"https:\/\/istac.org.tr\/tr\/wp-json\/wp\/v2\/users\/1\/"}],"replies":[{"embeddable":true,"href":"https:\/\/istac.org.tr\/tr\/wp-json\/wp\/v2\/comments\/?post=24294"}],"version-history":[{"count":7,"href":"https:\/\/istac.org.tr\/tr\/wp-json\/wp\/v2\/posts\/24294\/revisions\/"}],"predecessor-version":[{"id":24312,"href":"https:\/\/istac.org.tr\/tr\/wp-json\/wp\/v2\/posts\/24294\/revisions\/24312\/"}],"wp:attachment":[{"href":"https:\/\/istac.org.tr\/tr\/wp-json\/wp\/v2\/media\/?parent=24294"}],"wp:term":[{"taxonomy":"category","embeddable":true,"href":"https:\/\/istac.org.tr\/tr\/wp-json\/wp\/v2\/categories\/?post=24294"},{"taxonomy":"post_tag","embeddable":true,"href":"https:\/\/istac.org.tr\/tr\/wp-json\/wp\/v2\/tags\/?post=24294"}],"curies":[{"name":"wp","href":"https:\/\/api.w.org\/{rel}","templated":true}]}}