{"id":24141,"date":"2026-03-06T18:47:32","date_gmt":"2026-03-06T15:47:32","guid":{"rendered":"https:\/\/istac.org.tr\/?p=24141"},"modified":"2026-03-06T18:47:32","modified_gmt":"2026-03-06T15:47:32","slug":"istanbul-tahkim-merkezi-ile-kurum-ici-avukatlar-dernegi-kiad-arasinda-is-birligi-sozlesmesi-imzalandi","status":"publish","type":"post","link":"https:\/\/istac.org.tr\/tr\/istanbul-tahkim-merkezi-ile-kurum-ici-avukatlar-dernegi-kiad-arasinda-is-birligi-sozlesmesi-imzalandi\/","title":{"rendered":"\u0130stanbul Tahkim Merkezi ile Kurum \u0130\u00e7i Avukatlar Derne\u011fi (K\u0130AD) Aras\u0131nda \u0130\u015f Birli\u011fi S\u00f6zle\u015fmesi \u0130mzaland\u0131"},"content":{"rendered":"<p>\u0130stanbul Tahkim Merkezi (ISTAC) ile Kurum \u0130\u00e7i Avukatlar Derne\u011fi (K\u0130AD) aras\u0131nda ISTAC Ba\u015fkan\u0131 Prof. Dr. Ziya Ak\u0131nc\u0131 ile K\u0130AD Ba\u015fkan\u0131 Av. G\u00fcl \u00d6zdin\u00e7\u2019in kat\u0131l\u0131m\u0131yla bir i\u015f birli\u011fi s\u00f6zle\u015fmesi imzaland\u0131\u011f\u0131n\u0131 duyurmaktan mutluluk duyar\u0131z.<\/p>\n<p>Bu i\u015f birli\u011fi kapsam\u0131nda tahkim ve alternatif uyu\u015fmazl\u0131k \u00e7\u00f6z\u00fcm yollar\u0131n\u0131n geli\u015ftirilmesi ve yayg\u0131nla\u015ft\u0131r\u0131lmas\u0131 amac\u0131yla birlikte etkinlikler, seminerler, \u00e7al\u0131\u015ftaylar ve ara\u015ft\u0131rma projeleri ger\u00e7ekle\u015ftirilmesi hedeflemekte ve kurum i\u00e7i avukatlar\u0131n tahkim alan\u0131ndaki rol\u00fcn\u00fc g\u00fc\u00e7lendirmeye y\u00f6nelik \u00e7e\u015fitli faaliyetler y\u00fcr\u00fct\u00fclmesi planlanmaktad\u0131r.<\/p>\n<p>ISTAC ve K\u0130AD aras\u0131ndaki bu i\u015f birli\u011finin tahkim k\u00fclt\u00fcr\u00fcn\u00fcn yayg\u0131nla\u015fmas\u0131na ve uygulamadaki bilgi payla\u015f\u0131m\u0131n\u0131n artmas\u0131na katk\u0131 sa\u011flamas\u0131n\u0131 temenni ediyoruz.<\/p>\n<p>&nbsp;<\/p>\n<p><img loading=\"lazy\" class=\"aligncenter wp-image-24142 size-large\" src=\"https:\/\/istac.org.tr\/wp-content\/uploads\/2026\/03\/IMG-20260306-WA0047-1024x768.jpg\" alt=\"\" width=\"1024\" height=\"768\" srcset=\"https:\/\/istac.org.tr\/wp-content\/uploads\/2026\/03\/IMG-20260306-WA0047-1024x768.jpg 1024w, https:\/\/istac.org.tr\/wp-content\/uploads\/2026\/03\/IMG-20260306-WA0047-300x225.jpg 300w, https:\/\/istac.org.tr\/wp-content\/uploads\/2026\/03\/IMG-20260306-WA0047-768x576.jpg 768w, https:\/\/istac.org.tr\/wp-content\/uploads\/2026\/03\/IMG-20260306-WA0047-1536x1152.jpg 1536w, https:\/\/istac.org.tr\/wp-content\/uploads\/2026\/03\/IMG-20260306-WA0047.jpg 1600w\" sizes=\"(max-width: 1024px) 100vw, 1024px\" \/><\/p>\n","protected":false},"excerpt":{"rendered":"<p>\u0130stanbul Tahkim Merkezi (ISTAC) ile Kurum \u0130\u00e7i Avukatlar Derne\u011fi (K\u0130AD) aras\u0131nda ISTAC Ba\u015fkan\u0131 Prof. Dr. Ziya Ak\u0131nc\u0131 ile K\u0130AD Ba\u015fkan\u0131 Av. G\u00fcl \u00d6zdin\u00e7\u2019in kat\u0131l\u0131m\u0131yla bir i\u015f birli\u011fi s\u00f6zle\u015fmesi imzaland\u0131\u011f\u0131n\u0131 duyurmaktan mutluluk duyar\u0131z. Bu i\u015f birli\u011fi kapsam\u0131nda tahkim ve alternatif uyu\u015fmazl\u0131k \u00e7\u00f6z\u00fcm yollar\u0131n\u0131n geli\u015ftirilmesi ve yayg\u0131nla\u015ft\u0131r\u0131lmas\u0131 amac\u0131yla birlikte etkinlikler, seminerler, \u00e7al\u0131\u015ftaylar ve ara\u015ft\u0131rma projeleri ger\u00e7ekle\u015ftirilmesi hedeflemekte<a href=\"https:\/\/istac.org.tr\/tr\/istanbul-tahkim-merkezi-ile-kurum-ici-avukatlar-dernegi-kiad-arasinda-is-birligi-sozlesmesi-imzalandi\/\">[&#8230;]<\/a><\/p>\n","protected":false},"author":1,"featured_media":0,"comment_status":"open","ping_status":"open","sticky":false,"template":"","format":"standard","meta":[],"categories":[5,1,3],"tags":[],"acf":[],"post_mailing_queue_ids":[],"_links":{"self":[{"href":"https:\/\/istac.org.tr\/tr\/wp-json\/wp\/v2\/posts\/24141\/"}],"collection":[{"href":"https:\/\/istac.org.tr\/tr\/wp-json\/wp\/v2\/posts\/"}],"about":[{"href":"https:\/\/istac.org.tr\/tr\/wp-json\/wp\/v2\/types\/post\/"}],"author":[{"embeddable":true,"href":"https:\/\/istac.org.tr\/tr\/wp-json\/wp\/v2\/users\/1\/"}],"replies":[{"embeddable":true,"href":"https:\/\/istac.org.tr\/tr\/wp-json\/wp\/v2\/comments\/?post=24141"}],"version-history":[{"count":1,"href":"https:\/\/istac.org.tr\/tr\/wp-json\/wp\/v2\/posts\/24141\/revisions\/"}],"predecessor-version":[{"id":24144,"href":"https:\/\/istac.org.tr\/tr\/wp-json\/wp\/v2\/posts\/24141\/revisions\/24144\/"}],"wp:attachment":[{"href":"https:\/\/istac.org.tr\/tr\/wp-json\/wp\/v2\/media\/?parent=24141"}],"wp:term":[{"taxonomy":"category","embeddable":true,"href":"https:\/\/istac.org.tr\/tr\/wp-json\/wp\/v2\/categories\/?post=24141"},{"taxonomy":"post_tag","embeddable":true,"href":"https:\/\/istac.org.tr\/tr\/wp-json\/wp\/v2\/tags\/?post=24141"}],"curies":[{"name":"wp","href":"https:\/\/api.w.org\/{rel}","templated":true}]}}