{"id":23280,"date":"2025-01-08T10:38:47","date_gmt":"2025-01-08T07:38:47","guid":{"rendered":"https:\/\/istac.org.tr\/?p=23280"},"modified":"2025-01-08T10:38:47","modified_gmt":"2025-01-08T07:38:47","slug":"10-subat-2025-sakarya-barosu-istac-tahkim-gunu","status":"publish","type":"post","link":"https:\/\/istac.org.tr\/tr\/10-subat-2025-sakarya-barosu-istac-tahkim-gunu\/","title":{"rendered":"10 \u015eubat 2025- Sakarya Barosu &#038; ISTAC &#8211; Tahkim G\u00fcn\u00fc"},"content":{"rendered":"<p>Sakarya Barosu ile birlikte d\u00fczenleyece\u011fimiz \u2018Sakarya Barosu &amp; \u0130stanbul Tahkim Merkezi Tahkim G\u00fcn\u00fc\u2019 etkinli\u011fimiz, 10 \u015eubat saat 14:00\u2019da Sakarya Barosu Konferans Salonu\u2019nda ger\u00e7ekle\u015ftirilecektir. Sizleri aram\u0131zda g\u00f6rmekten mutluluk duyar\u0131z.<\/p>\n<p>&nbsp;<\/p>\n<p><img loading=\"lazy\" class=\"aligncenter size-full wp-image-23281\" src=\"https:\/\/istac.org.tr\/wp-content\/uploads\/2025\/01\/IMG-20250107-WA0008.jpg\" alt=\"\" width=\"2048\" height=\"2560\" srcset=\"https:\/\/istac.org.tr\/wp-content\/uploads\/2025\/01\/IMG-20250107-WA0008.jpg 2048w, https:\/\/istac.org.tr\/wp-content\/uploads\/2025\/01\/IMG-20250107-WA0008-240x300.jpg 240w, https:\/\/istac.org.tr\/wp-content\/uploads\/2025\/01\/IMG-20250107-WA0008-819x1024.jpg 819w, https:\/\/istac.org.tr\/wp-content\/uploads\/2025\/01\/IMG-20250107-WA0008-768x960.jpg 768w, https:\/\/istac.org.tr\/wp-content\/uploads\/2025\/01\/IMG-20250107-WA0008-1229x1536.jpg 1229w, https:\/\/istac.org.tr\/wp-content\/uploads\/2025\/01\/IMG-20250107-WA0008-1638x2048.jpg 1638w\" sizes=\"(max-width: 2048px) 100vw, 2048px\" \/> <img loading=\"lazy\" class=\"aligncenter size-full wp-image-23283\" src=\"https:\/\/istac.org.tr\/wp-content\/uploads\/2025\/01\/IMG-20250107-WA0015.jpg\" alt=\"\" width=\"2048\" height=\"2560\" srcset=\"https:\/\/istac.org.tr\/wp-content\/uploads\/2025\/01\/IMG-20250107-WA0015.jpg 2048w, https:\/\/istac.org.tr\/wp-content\/uploads\/2025\/01\/IMG-20250107-WA0015-240x300.jpg 240w, https:\/\/istac.org.tr\/wp-content\/uploads\/2025\/01\/IMG-20250107-WA0015-819x1024.jpg 819w, https:\/\/istac.org.tr\/wp-content\/uploads\/2025\/01\/IMG-20250107-WA0015-768x960.jpg 768w, https:\/\/istac.org.tr\/wp-content\/uploads\/2025\/01\/IMG-20250107-WA0015-1229x1536.jpg 1229w, https:\/\/istac.org.tr\/wp-content\/uploads\/2025\/01\/IMG-20250107-WA0015-1638x2048.jpg 1638w\" sizes=\"(max-width: 2048px) 100vw, 2048px\" \/><\/p>\n","protected":false},"excerpt":{"rendered":"<p>Sakarya Barosu ile birlikte d\u00fczenleyece\u011fimiz \u2018Sakarya Barosu &amp; \u0130stanbul Tahkim Merkezi Tahkim G\u00fcn\u00fc\u2019 etkinli\u011fimiz, 10 \u015eubat saat 14:00\u2019da Sakarya Barosu Konferans Salonu\u2019nda ger\u00e7ekle\u015ftirilecektir. Sizleri aram\u0131zda g\u00f6rmekten mutluluk duyar\u0131z. &nbsp;<\/p>\n","protected":false},"author":1,"featured_media":0,"comment_status":"open","ping_status":"open","sticky":false,"template":"","format":"standard","meta":[],"categories":[4],"tags":[],"acf":[],"post_mailing_queue_ids":[],"_links":{"self":[{"href":"https:\/\/istac.org.tr\/tr\/wp-json\/wp\/v2\/posts\/23280\/"}],"collection":[{"href":"https:\/\/istac.org.tr\/tr\/wp-json\/wp\/v2\/posts\/"}],"about":[{"href":"https:\/\/istac.org.tr\/tr\/wp-json\/wp\/v2\/types\/post\/"}],"author":[{"embeddable":true,"href":"https:\/\/istac.org.tr\/tr\/wp-json\/wp\/v2\/users\/1\/"}],"replies":[{"embeddable":true,"href":"https:\/\/istac.org.tr\/tr\/wp-json\/wp\/v2\/comments\/?post=23280"}],"version-history":[{"count":1,"href":"https:\/\/istac.org.tr\/tr\/wp-json\/wp\/v2\/posts\/23280\/revisions\/"}],"predecessor-version":[{"id":23285,"href":"https:\/\/istac.org.tr\/tr\/wp-json\/wp\/v2\/posts\/23280\/revisions\/23285\/"}],"wp:attachment":[{"href":"https:\/\/istac.org.tr\/tr\/wp-json\/wp\/v2\/media\/?parent=23280"}],"wp:term":[{"taxonomy":"category","embeddable":true,"href":"https:\/\/istac.org.tr\/tr\/wp-json\/wp\/v2\/categories\/?post=23280"},{"taxonomy":"post_tag","embeddable":true,"href":"https:\/\/istac.org.tr\/tr\/wp-json\/wp\/v2\/tags\/?post=23280"}],"curies":[{"name":"wp","href":"https:\/\/api.w.org\/{rel}","templated":true}]}}