{"id":22940,"date":"2024-05-20T18:03:00","date_gmt":"2024-05-20T15:03:00","guid":{"rendered":"https:\/\/istac.org.tr\/?p=22940"},"modified":"2024-06-07T14:48:57","modified_gmt":"2024-06-07T11:48:57","slug":"10-haz-yoivtk","status":"publish","type":"post","link":"https:\/\/istac.org.tr\/tr\/10-haz-yoivtk\/","title":{"rendered":"10 Haziran 2024- ISTAC &#8211; GS\u00dc- YASED Yat\u0131r\u0131m Ortam\u0131n\u0131n \u0130yile\u015ftirilmesi ve Tahkim Konferans\u0131"},"content":{"rendered":"\r\n<style type=\"text\/css\">\r\n.button_wrapper_id_22944{\r\n\tmargin-top: 10px!important;\r\n\tmargin-right: 10px!important;\r\n\tmargin-bottom: 10px!important;\r\n\tmargin-left: 10px!important;\r\n\tdisplay: inline-block;}\r\n.button_container_id_22944{\r\n\twidth: 140px!important;\t\r\n\ttext-align: center!important;\r\n\tmargin: 0 auto!important;\t\r\n}\r\n\r\n.wd_button_22944{\r\n\tline-height: 1.42857143;\r\n\ttext-decoration: none!important;\r\n\tdisplay: inline-block;\r\n\tborder-bottom: none;\t\r\n\twidth: 300px!important;\r\n\theight: 45px;\r\n\tpadding-top: 10px!important;\r\n\tpadding-right: 10px!important;\r\n\tpadding-bottom: 10px!important;\r\n\tpadding-left: 10px!important;\r\n\tcolor: #ffffff!important;\t\r\n\tfont-size: 20px!important;\r\n\tfont-weight: ;\r\n\tfont-style: ;\r\n\ttext-align: center;\r\n\r\n\t\t\tborder-top-left-radius: 10px;\r\n\t\tborder-top-right-radius: 10px;\r\n\t\tborder-bottom-left-radius:  10px;\r\n\t\tborder-bottom-right-radius: 10px;\r\n\t\t\r\n\t\t\t\t\t\t\tborder-style: solid;\r\n\t\t\t\tborder-width: 1px;\r\n\t\t\t\tborder-color: #004f71;\r\n\t\t\t\t\t\t\t\ttext-shadow:0px 0px 0px #ffffff;\r\n\r\n\r\n\t\t\t\t-webkit-box-shadow: 0px 0px 0px #b5b5b5;\r\n\t\t\t\t-moz-box-shadow: 0px 0px 0px #b5b5b5;\r\n\t\t\t\tbox-shadow: 0px 0px 0px #b5b5b5;\r\n\r\n\r\n\t\t\t\tbackground: -webkit-gradient(linear, left top, left bottom, color-stop(45%, rgba(0,79,113,1)), color-stop(1, rgba(0,79,113,1)));\r\n\t\t\t\tbackground: -moz-linear-gradient(rgba(0,79,113,1) 45%, rgba(0,79,113,1));\r\n\t\t\t\tbackground: -o-linear-gradient(rgba(0,79,113,1) 45%, rgba(0,79,113,1));\r\n\t\t\t\tbackground: linear-gradient(rgba(0,79,113,1) 45%, rgba(0,79,113,1));\r\n\t\t\t\twebkit-transition: all 0.3s;\r\n\t\t\t\t-moz-transition: all 0.3s;\r\n\t\t\t\ttransition: all 0.3s;\r\n\t\t\t}\r\n\r\n\t\t\t\r\n\r\n\t\t\t\t.wd_button_22944:hover{\r\n\t\t\t\t\tcolor: #004f71!important;\r\n\t\t\t\t\ttext-shadow:0px 0px 0px #ffffff;\r\n\t\t\t\t\ttext-shadow-color:#ffffff;\t\r\n\t\t\t\t\tborder-color: #004f71;\r\n\t\t\t\t\t-webkit-box-shadow: 0px 0px 0px #b5b5b5;\r\n\t\t\t\t\t-moz-box-shadow: 0px 0px 0px #b5b5b5;\r\n\t\t\t\t\tbox-shadow: 0px 0px 0px #b5b5b5;\r\n\r\n\t\t\t\t\t\t\t\t\t\t\tbackground: -webkit-gradient(linear, left top, left bottom, color-stop(45%, rgba(255,255,255,1)), color-stop(1, rgba(255,255,255,1)));\r\n\t\t\t\t\t\tbackground: -moz-linear-gradient(rgba(255,255,255,1) 45%, rgba(255,255,255,1));\r\n\t\t\t\t\t\tbackground: -o-linear-gradient(rgba(255,255,255,1) 45%, rgba(255,255,255,1));\r\n\t\t\t\t\t\tbackground: linear-gradient(rgba(255,255,255,1) 45%, rgba(255,255,255,1));\r\n\t\t\t\t\t\t\r\n\r\n\t\t\t\t\t\twebkit-transition: all 0.3s;\r\n\t\t\t\t\t\t-moz-transition: all 0.3s;\r\n\t\t\t\t\t\ttransition: all 0.3s;\r\n\t\t\t\t\t}\r\n\t\t\t\t\t<\/style>\r\n<style type=\"text\/css\">\r\n<\/style>\r\n<div class=\"button_wrapper_id_22944\">\r\n\t<div class=\"button_container button_container_id_22944\">\t\r\n\t\t<a href=\"https:\/\/tahkim.istac.org.tr\/etkinlik\/9\/\" target=\"_blank\" id=\"wd_button\" class=\"wd-hvr-simple wd_button_22944 \"  >Kay\u0131t<\/a>\t\r\n\t\t<div class=\"clear_fix\"><\/div>\r\n\t<\/div>\r\n<\/div>\n<p>&nbsp;<\/p>\n<p>\u0130stanbul Tahkim Merkezi olarak Galatasaray \u00dcniversitesi ve Uluslararas\u0131 Yat\u0131r\u0131mc\u0131lar Derne\u011fi ile birlikte ihtiya\u00e7 sahibi \u00f6\u011frenciler i\u00e7in d\u00fczenleyece\u011fimiz &#8220;Yat\u0131r\u0131m Ortam\u0131n\u0131n \u0130yile\u015ftirilmesi ve Tahkim&#8221; konulu konferans\u0131m\u0131z, 10 Haziran Pazartesi g\u00fcn\u00fc Galatasaray \u00dcniversitesi Ayd\u0131n Do\u011fan Konferans Salonu&#8217;nda ger\u00e7ekle\u015ftirilecektir. Konferans gelirlerinin tamam\u0131 Galatasaray E\u011fitim Vakf\u0131&#8217;na ba\u011f\u0131\u015flanaca\u011f\u0131ndan sizler de ihtiya\u00e7 sahibi \u00f6\u011frencilere destek olmak isterseniz kay\u0131t formu \u00fczerinden bilet alarak konferans\u0131m\u0131za kat\u0131l\u0131m sa\u011flayabilirsiniz. Sizleri bu sosyal sorumluluk projemizde aram\u0131zda g\u00f6rmekten b\u00fcy\u00fck mutluluk duyar\u0131z. Sorular\u0131n\u0131z ve ek ba\u011f\u0131\u015flar\u0131n\u0131z i\u00e7in bizlerle info@istac.org.tr adresinden ileti\u015fime ge\u00e7ebilirsiniz.<\/p>\n<p>&nbsp;<\/p>\n<p><img loading=\"lazy\" class=\"aligncenter size-large wp-image-22990\" src=\"https:\/\/istac.org.tr\/wp-content\/uploads\/2024\/05\/Yatirim-Ortami-ve-Tahkim-v.2_Sayfa_1-724x1024.jpg\" alt=\"\" width=\"724\" height=\"1024\" srcset=\"https:\/\/istac.org.tr\/wp-content\/uploads\/2024\/05\/Yatirim-Ortami-ve-Tahkim-v.2_Sayfa_1-724x1024.jpg 724w, https:\/\/istac.org.tr\/wp-content\/uploads\/2024\/05\/Yatirim-Ortami-ve-Tahkim-v.2_Sayfa_1-212x300.jpg 212w, https:\/\/istac.org.tr\/wp-content\/uploads\/2024\/05\/Yatirim-Ortami-ve-Tahkim-v.2_Sayfa_1-768x1086.jpg 768w, https:\/\/istac.org.tr\/wp-content\/uploads\/2024\/05\/Yatirim-Ortami-ve-Tahkim-v.2_Sayfa_1.jpg 1083w\" sizes=\"(max-width: 724px) 100vw, 724px\" \/> <img loading=\"lazy\" class=\"aligncenter size-large wp-image-22992\" src=\"https:\/\/istac.org.tr\/wp-content\/uploads\/2024\/05\/Yatirim-Ortami-ve-Tahkim-v.2_Sayfa_2-724x1024.jpg\" alt=\"\" width=\"724\" height=\"1024\" srcset=\"https:\/\/istac.org.tr\/wp-content\/uploads\/2024\/05\/Yatirim-Ortami-ve-Tahkim-v.2_Sayfa_2-724x1024.jpg 724w, https:\/\/istac.org.tr\/wp-content\/uploads\/2024\/05\/Yatirim-Ortami-ve-Tahkim-v.2_Sayfa_2-212x300.jpg 212w, https:\/\/istac.org.tr\/wp-content\/uploads\/2024\/05\/Yatirim-Ortami-ve-Tahkim-v.2_Sayfa_2-768x1086.jpg 768w, https:\/\/istac.org.tr\/wp-content\/uploads\/2024\/05\/Yatirim-Ortami-ve-Tahkim-v.2_Sayfa_2-1086x1536.jpg 1086w, https:\/\/istac.org.tr\/wp-content\/uploads\/2024\/05\/Yatirim-Ortami-ve-Tahkim-v.2_Sayfa_2-1448x2048.jpg 1448w, https:\/\/istac.org.tr\/wp-content\/uploads\/2024\/05\/Yatirim-Ortami-ve-Tahkim-v.2_Sayfa_2.jpg 1655w\" sizes=\"(max-width: 724px) 100vw, 724px\" \/><\/p>\n<p><img loading=\"lazy\" class=\"aligncenter size-large wp-image-23004\" src=\"https:\/\/istac.org.tr\/wp-content\/uploads\/2024\/05\/IMG-20240607-WA0011-724x1024.jpg\" alt=\"\" width=\"724\" height=\"1024\" srcset=\"https:\/\/istac.org.tr\/wp-content\/uploads\/2024\/05\/IMG-20240607-WA0011-724x1024.jpg 724w, https:\/\/istac.org.tr\/wp-content\/uploads\/2024\/05\/IMG-20240607-WA0011-212x300.jpg 212w, https:\/\/istac.org.tr\/wp-content\/uploads\/2024\/05\/IMG-20240607-WA0011-768x1086.jpg 768w, https:\/\/istac.org.tr\/wp-content\/uploads\/2024\/05\/IMG-20240607-WA0011-1086x1536.jpg 1086w, https:\/\/istac.org.tr\/wp-content\/uploads\/2024\/05\/IMG-20240607-WA0011.jpg 1131w\" sizes=\"(max-width: 724px) 100vw, 724px\" \/><\/p>\n","protected":false},"excerpt":{"rendered":"<p>&nbsp; \u0130stanbul Tahkim Merkezi olarak Galatasaray \u00dcniversitesi ve Uluslararas\u0131 Yat\u0131r\u0131mc\u0131lar Derne\u011fi ile birlikte ihtiya\u00e7 sahibi \u00f6\u011frenciler i\u00e7in d\u00fczenleyece\u011fimiz &#8220;Yat\u0131r\u0131m Ortam\u0131n\u0131n \u0130yile\u015ftirilmesi ve Tahkim&#8221; konulu konferans\u0131m\u0131z, 10 Haziran Pazartesi g\u00fcn\u00fc Galatasaray \u00dcniversitesi Ayd\u0131n Do\u011fan Konferans Salonu&#8217;nda ger\u00e7ekle\u015ftirilecektir. Konferans gelirlerinin tamam\u0131 Galatasaray E\u011fitim Vakf\u0131&#8217;na ba\u011f\u0131\u015flanaca\u011f\u0131ndan sizler de ihtiya\u00e7 sahibi \u00f6\u011frencilere destek olmak isterseniz kay\u0131t formu \u00fczerinden bilet<a href=\"https:\/\/istac.org.tr\/tr\/10-haz-yoivtk\/\">[&#8230;]<\/a><\/p>\n","protected":false},"author":1,"featured_media":0,"comment_status":"open","ping_status":"open","sticky":false,"template":"","format":"standard","meta":[],"categories":[52,5,50,4],"tags":[],"acf":[],"post_mailing_queue_ids":[],"_links":{"self":[{"href":"https:\/\/istac.org.tr\/tr\/wp-json\/wp\/v2\/posts\/22940\/"}],"collection":[{"href":"https:\/\/istac.org.tr\/tr\/wp-json\/wp\/v2\/posts\/"}],"about":[{"href":"https:\/\/istac.org.tr\/tr\/wp-json\/wp\/v2\/types\/post\/"}],"author":[{"embeddable":true,"href":"https:\/\/istac.org.tr\/tr\/wp-json\/wp\/v2\/users\/1\/"}],"replies":[{"embeddable":true,"href":"https:\/\/istac.org.tr\/tr\/wp-json\/wp\/v2\/comments\/?post=22940"}],"version-history":[{"count":9,"href":"https:\/\/istac.org.tr\/tr\/wp-json\/wp\/v2\/posts\/22940\/revisions\/"}],"predecessor-version":[{"id":23006,"href":"https:\/\/istac.org.tr\/tr\/wp-json\/wp\/v2\/posts\/22940\/revisions\/23006\/"}],"wp:attachment":[{"href":"https:\/\/istac.org.tr\/tr\/wp-json\/wp\/v2\/media\/?parent=22940"}],"wp:term":[{"taxonomy":"category","embeddable":true,"href":"https:\/\/istac.org.tr\/tr\/wp-json\/wp\/v2\/categories\/?post=22940"},{"taxonomy":"post_tag","embeddable":true,"href":"https:\/\/istac.org.tr\/tr\/wp-json\/wp\/v2\/tags\/?post=22940"}],"curies":[{"name":"wp","href":"https:\/\/api.w.org\/{rel}","templated":true}]}}