{"id":22617,"date":"2023-12-06T11:49:18","date_gmt":"2023-12-06T08:49:18","guid":{"rendered":"https:\/\/istac.org.tr\/?p=22617"},"modified":"2024-02-23T14:39:06","modified_gmt":"2024-02-23T11:39:06","slug":"fikri-mulkiyet-uyusmazliklarinda-tahkim-ve-alternatif-uyusmazlik-cozum-yollari-semineri-gerceklesti","status":"publish","type":"post","link":"https:\/\/istac.org.tr\/tr\/fikri-mulkiyet-uyusmazliklarinda-tahkim-ve-alternatif-uyusmazlik-cozum-yollari-semineri-gerceklesti\/","title":{"rendered":"Fikri M\u00fclkiyet Uyu\u015fmazl\u0131klar\u0131nda Tahkim ve Alternatif Uyu\u015fmazl\u0131k \u00c7\u00f6z\u00fcm Yollar\u0131 Semineri Ger\u00e7ekle\u015fti"},"content":{"rendered":"<p>Galatasaray \u00dcniversitesi Hukuk Fak\u00fcltesi, \u0130stanbul Barosu Fikri ve S\u0131nai Haklar Komisyonu ve \u0130stanbul Tahkim Merkezi taraf\u0131ndan d\u00fczenlenen &#8220;Fikri M\u00fclkiyet Uyu\u015fmazl\u0131klar\u0131nda Tahkim ve Alternatif Uyu\u015fmazl\u0131k \u00c7\u00f6z\u00fcm Yollar\u0131&#8221; ba\u015fl\u0131kl\u0131 seminerimiz 6 Aral\u0131k&#8217;ta ger\u00e7ekle\u015fmi\u015f olup k\u0131ymetli destekleri i\u00e7in konu\u015fmac\u0131lar\u0131m\u0131za, moderat\u00f6rlerimize, hem \u00e7evrim i\u00e7i hem de fiziksel olarak yo\u011fun ilgi g\u00f6stermi\u015f olan de\u011ferli kat\u0131l\u0131mc\u0131lar\u0131m\u0131za ve b\u00f6ylesi bir program\u0131n organizasyon s\u00fcrecinde eme\u011fi ge\u00e7enlere \u00e7ok te\u015fekk\u00fcr ederiz. \u00c7al\u0131\u015fman\u0131n kitapla\u015ft\u0131r\u0131larak yay\u0131mlanaca\u011f\u0131n\u0131 duyurmaktan b\u00fcy\u00fck mutluluk duyar\u0131z.<\/p>\n<p>&nbsp;<\/p>\n<p><img loading=\"lazy\" class=\"aligncenter size-large wp-image-22620\" src=\"https:\/\/istac.org.tr\/wp-content\/uploads\/2024\/02\/Snapinsta.app_407849050_18247355974225096_7529607048215494193_n_1080.jpg\" alt=\"\" width=\"899\" height=\"505\" srcset=\"https:\/\/istac.org.tr\/wp-content\/uploads\/2024\/02\/Snapinsta.app_407849050_18247355974225096_7529607048215494193_n_1080.jpg 899w, https:\/\/istac.org.tr\/wp-content\/uploads\/2024\/02\/Snapinsta.app_407849050_18247355974225096_7529607048215494193_n_1080-300x169.jpg 300w, https:\/\/istac.org.tr\/wp-content\/uploads\/2024\/02\/Snapinsta.app_407849050_18247355974225096_7529607048215494193_n_1080-768x431.jpg 768w\" sizes=\"(max-width: 899px) 100vw, 899px\" \/><img loading=\"lazy\" class=\"aligncenter size-full wp-image-22618\" src=\"https:\/\/istac.org.tr\/wp-content\/uploads\/2024\/02\/Snapinsta.app_407728991_18247355965225096_8885937888012396490_n_1080.jpg\" alt=\"\" width=\"904\" height=\"511\" srcset=\"https:\/\/istac.org.tr\/wp-content\/uploads\/2024\/02\/Snapinsta.app_407728991_18247355965225096_8885937888012396490_n_1080.jpg 904w, https:\/\/istac.org.tr\/wp-content\/uploads\/2024\/02\/Snapinsta.app_407728991_18247355965225096_8885937888012396490_n_1080-300x170.jpg 300w, https:\/\/istac.org.tr\/wp-content\/uploads\/2024\/02\/Snapinsta.app_407728991_18247355965225096_8885937888012396490_n_1080-768x434.jpg 768w\" sizes=\"(max-width: 904px) 100vw, 904px\" \/> <img loading=\"lazy\" class=\"aligncenter size-large wp-image-22622\" src=\"https:\/\/istac.org.tr\/wp-content\/uploads\/2024\/02\/Snapinsta.app_408788376_18247355983225096_6244324783243512793_n_1080.jpg\" alt=\"\" width=\"899\" height=\"505\" srcset=\"https:\/\/istac.org.tr\/wp-content\/uploads\/2024\/02\/Snapinsta.app_408788376_18247355983225096_6244324783243512793_n_1080.jpg 899w, https:\/\/istac.org.tr\/wp-content\/uploads\/2024\/02\/Snapinsta.app_408788376_18247355983225096_6244324783243512793_n_1080-300x169.jpg 300w, https:\/\/istac.org.tr\/wp-content\/uploads\/2024\/02\/Snapinsta.app_408788376_18247355983225096_6244324783243512793_n_1080-768x431.jpg 768w\" sizes=\"(max-width: 899px) 100vw, 899px\" \/><\/p>\n","protected":false},"excerpt":{"rendered":"<p>Galatasaray \u00dcniversitesi Hukuk Fak\u00fcltesi, \u0130stanbul Barosu Fikri ve S\u0131nai Haklar Komisyonu ve \u0130stanbul Tahkim Merkezi taraf\u0131ndan d\u00fczenlenen &#8220;Fikri M\u00fclkiyet Uyu\u015fmazl\u0131klar\u0131nda Tahkim ve Alternatif Uyu\u015fmazl\u0131k \u00c7\u00f6z\u00fcm Yollar\u0131&#8221; ba\u015fl\u0131kl\u0131 seminerimiz 6 Aral\u0131k&#8217;ta ger\u00e7ekle\u015fmi\u015f olup k\u0131ymetli destekleri i\u00e7in konu\u015fmac\u0131lar\u0131m\u0131za, moderat\u00f6rlerimize, hem \u00e7evrim i\u00e7i hem de fiziksel olarak yo\u011fun ilgi g\u00f6stermi\u015f olan de\u011ferli kat\u0131l\u0131mc\u0131lar\u0131m\u0131za ve b\u00f6ylesi bir program\u0131n organizasyon<a href=\"https:\/\/istac.org.tr\/tr\/fikri-mulkiyet-uyusmazliklarinda-tahkim-ve-alternatif-uyusmazlik-cozum-yollari-semineri-gerceklesti\/\">[&#8230;]<\/a><\/p>\n","protected":false},"author":1,"featured_media":0,"comment_status":"open","ping_status":"open","sticky":false,"template":"","format":"standard","meta":[],"categories":[3],"tags":[],"acf":[],"post_mailing_queue_ids":[],"_links":{"self":[{"href":"https:\/\/istac.org.tr\/tr\/wp-json\/wp\/v2\/posts\/22617\/"}],"collection":[{"href":"https:\/\/istac.org.tr\/tr\/wp-json\/wp\/v2\/posts\/"}],"about":[{"href":"https:\/\/istac.org.tr\/tr\/wp-json\/wp\/v2\/types\/post\/"}],"author":[{"embeddable":true,"href":"https:\/\/istac.org.tr\/tr\/wp-json\/wp\/v2\/users\/1\/"}],"replies":[{"embeddable":true,"href":"https:\/\/istac.org.tr\/tr\/wp-json\/wp\/v2\/comments\/?post=22617"}],"version-history":[{"count":1,"href":"https:\/\/istac.org.tr\/tr\/wp-json\/wp\/v2\/posts\/22617\/revisions\/"}],"predecessor-version":[{"id":22624,"href":"https:\/\/istac.org.tr\/tr\/wp-json\/wp\/v2\/posts\/22617\/revisions\/22624\/"}],"wp:attachment":[{"href":"https:\/\/istac.org.tr\/tr\/wp-json\/wp\/v2\/media\/?parent=22617"}],"wp:term":[{"taxonomy":"category","embeddable":true,"href":"https:\/\/istac.org.tr\/tr\/wp-json\/wp\/v2\/categories\/?post=22617"},{"taxonomy":"post_tag","embeddable":true,"href":"https:\/\/istac.org.tr\/tr\/wp-json\/wp\/v2\/tags\/?post=22617"}],"curies":[{"name":"wp","href":"https:\/\/api.w.org\/{rel}","templated":true}]}}