{"id":21531,"date":"2022-05-18T11:21:40","date_gmt":"2022-05-18T08:21:40","guid":{"rendered":"https:\/\/istac.org.tr\/?p=21531"},"modified":"2022-12-28T11:40:35","modified_gmt":"2022-12-28T08:40:35","slug":"istacdan-hibrit-yarisma","status":"publish","type":"post","link":"https:\/\/istac.org.tr\/tr\/istacdan-hibrit-yarisma\/","title":{"rendered":"ISTAC\u2019dan Hibrit Yar\u0131\u015fma"},"content":{"rendered":"<p><strong>GELECE\u011e\u0130N TAHK\u0130M AVUKATI YARI\u015eMASINDA ANKARA \u00dcN\u0130VERS\u0130TES\u0130 Z\u0130RVEDE<\/strong><\/p>\n<p><strong>\u00a0<\/strong><\/p>\n<p><strong>\u0130STANBUL TAHK\u0130M MERKEZ\u0130 GEN\u00c7L\u0130K PLATFORMU GEN\u00c7 ISTAC TARAFINDAN D\u00dcZENLENEN KURGUSAL DAVA YARI\u015eMASINDA YAKLA\u015eIK 250 HUKUK \u00d6\u011eRENC\u0130S\u0130 Z\u0130RVE \u0130\u00c7\u0130N M\u00dcCADELE ETT\u0130.<\/strong><\/p>\n<p><strong>\u00a0<\/strong><\/p>\n<p><strong>B\u0130R\u0130NC\u0130L\u0130K \u00d6D\u00dcL\u00dc ANKARA \u00dcN\u0130VERS\u0130TES\u0130\u2019N\u0130N OLURKEN, \u0130STANBUL \u00dcN\u0130VERS\u0130TES\u0130 EK\u0130B\u0130 \u0130K\u0130NC\u0130L\u0130K, MARMARA \u00dcN\u0130VERS\u0130TES\u0130 EK\u0130B\u0130 \u00dc\u00c7\u00dcNC\u00dcL\u00dcK \u00d6D\u00dcL\u00dcN\u00dc ALDI. GELECE\u011e\u0130N TAHK\u0130M AVUKATI \u00d6D\u00dcL\u00dc DE B\u0130LKENT \u00dcN\u0130VERS\u0130TES\u0130\u2019NDEN G\u00d6K\u00c7E LALEO\u011eLU\u2019NA VER\u0130LD\u0130.<\/strong><\/p>\n<p>&nbsp;<\/p>\n<p>&nbsp;<\/p>\n<p>\u0130stanbul Tahkim Merkezi\u2019nin (ISTAC) \u00fcniversitelere y\u00f6nelik iki a\u015famal\u0131 ve ortalama 6 ay\u0131 kapsayan uzun soluklu kurgusal dava yar\u0131\u015fmas\u0131 sonu\u00e7land\u0131. Gen\u00e7 ISTAC platformu taraf\u0131ndan ilk kez hibrit formatta organize edilen VI. Gelece\u011fin Tahkim Avukat\u0131 Yar\u0131\u015fmas\u0131 (GTAY) \u00fcniversite tak\u0131mlar\u0131 aras\u0131nda heyecanl\u0131 bir m\u00fccadeleye sahne oldu. Pandemi ko\u015fullar\u0131nda son 2 y\u0131ld\u0131r \u00e7evrim i\u00e7i d\u00fczenlenen yar\u0131\u015fmalar\u0131n ard\u0131ndan, bu y\u0131l\u0131n yar\u0131\u015fmas\u0131 karma organizasyonla ger\u00e7ekle\u015fti. 4 g\u00fcn boyunca \u00e7evrim i\u00e7i kurgusal dava duru\u015fmalar\u0131nda ter d\u00f6ken \u00fcniversiteli hukuk\u00e7ular, y\u00fcz y\u00fcze ve \u00e7evrim i\u00e7i olarak ger\u00e7ekle\u015fen final duru\u015fmas\u0131nda pandemi \u00f6ncesi yar\u0131\u015fmalar\u0131n heyecan\u0131n\u0131 ya\u015fad\u0131. VI. Gelece\u011fin Tahkim Avukat\u0131 Yar\u0131\u015fmas\u0131nda birincili\u011fi Ankara \u00dcniversitesi, ikincili\u011fi \u0130stanbul \u00dcniversitesi, \u00fc\u00e7\u00fcnc\u00fcl\u00fc\u011f\u00fc Marmara \u00dcniversitesi tak\u0131mlar\u0131 kazand\u0131.<\/p>\n<p>ISTAC Y\u00f6netim Kurulu Ba\u015fkan\u0131 Prof. Dr. Ziya Ak\u0131nc\u0131, art\u0131k gelenekselle\u015fen Gelece\u011fin Tahkim Avukat\u0131 Yar\u0131\u015fmas\u0131\u2019n\u0131 (GTAY) d\u00fcnyada ilk kez ge\u00e7en y\u0131l \u201cMed-Arb\u201d kurgusu ile d\u00fczenlediklerini hat\u0131rlatt\u0131 ve bu y\u0131lki yar\u0131\u015fman\u0131n da ayn\u0131 formatta iki a\u015famal\u0131 ger\u00e7ekle\u015fti\u011fini s\u00f6yledi. VI. GTAY<\/p>\n<p>final duru\u015fmas\u0131n\u0131n ard\u0131ndan \u00f6d\u00fcl t\u00f6reninde konu\u015fan ISTAC Ba\u015fkan\u0131 Ak\u0131nc\u0131, gelece\u011fin tahkim hukuk\u00e7ular\u0131na seslendi. \u201cBir fidan ektik bir orman oldu, birlikte ba\u015fard\u0131k\u201d diyen Ak\u0131nc\u0131, \u015fu mesajlar\u0131 verdi:<\/p>\n<p>&nbsp;<\/p>\n<p>B\u0130R F\u0130DAN EKT\u0130K B\u0130R ORMAN OLDU<\/p>\n<p>&nbsp;<\/p>\n<p>\u201cGelece\u011fin Tahkim Avukat\u0131 Yar\u0131\u015fmas\u0131na bakt\u0131\u011f\u0131m\u0131z zaman akl\u0131ma \u015fu geliyor; bir fidan ektik bir orman oldu. Bu yar\u0131\u015fmaya ba\u015flarken ya\u015fad\u0131\u011f\u0131m\u0131z teredd\u00fctleri, acaba olacak m\u0131 diye hissetti\u011fimiz kayg\u0131lar\u0131 d\u00fc\u015f\u00fcn\u00fcyorum. Ondan sonra sizlerin p\u0131r\u0131l p\u0131r\u0131l y\u00fczlerinize bakt\u0131\u011f\u0131mda ba\u015fard\u0131\u011f\u0131m\u0131z\u0131 g\u00f6r\u00fcyorum. Yar\u0131\u015fmaya kat\u0131lan \u00f6\u011frencilerimize, \u00fcniversitelerimize, hocalar\u0131m\u0131za, tak\u0131m ko\u00e7lar\u0131m\u0131za ve kurgusal duru\u015fmalarda hakemlik yapan k\u0131ymetli meslekta\u015flar\u0131m\u0131za te\u015fekk\u00fcr ediyoruz. Sizler bug\u00fcn\u00fcn \u00f6\u011frencileri gelece\u011fin tahkim avukatlar\u0131s\u0131n\u0131z ve \u0130stanbul Tahkim Merkezi sizin merkeziniz. Bu yar\u0131\u015fma bu \u015f\u00f6len burada bitmedi. Bundan sonra bu yar\u0131\u015fmaya belki yine kat\u0131lacaks\u0131n\u0131z, belki ko\u00e7 belki hakem olarak aram\u0131zda yer alacaks\u0131n\u0131z. Ama ISTAC hep sizin merkeziniz olacak. Daha da \u00f6nemlisi profesyonel hayat\u0131n\u0131zda art\u0131k s\u00f6zle\u015fmelerde \u0130stanbul Tahkim Merkezi \u015fart\u0131n\u0131 g\u00f6rd\u00fc\u011f\u00fcn\u00fcz zaman hi\u00e7 \u015fa\u015f\u0131rmayacaks\u0131n\u0131z, hatta bir inovasyon gibi s\u00f6zle\u015fmelerinize \u0130stanbul Tahkim Merkezi\u2019ni yazacaks\u0131n\u0131z. Yani art\u0131k bug\u00fcnden sonra sizler bizim el\u00e7ilerimizsiniz.\u201d<\/p>\n<p>&nbsp;<\/p>\n<p>GTAY M\u00dcPTELALIK YARATTI<\/p>\n<p>&nbsp;<\/p>\n<p>Bu y\u0131lki Gelece\u011fin Tahkim Avukat\u0131 Yar\u0131\u015fmas\u0131\u2019n\u0131n final duru\u015fmas\u0131na ev sahipli\u011fi yapan Bah\u00e7e\u015fehir \u00dcniversitesi Hukuk Fak\u00fcltesi Dekan\u0131 Prof. Dr. Kadir Emre G\u00f6kyayla da ISTAC\u2019\u0131n yar\u0131\u015fmas\u0131n\u0131n hukuk \u00f6\u011frencileri i\u00e7in \u00f6nemini vurgulad\u0131. Prof. G\u00f6kyayla, \u201cBu yar\u0131\u015fmay\u0131 bekleyen \u00f6\u011frenciler oldu\u011funu biliyorum. GTAY art\u0131k geleneksel hale geldi, bir al\u0131\u015fkanl\u0131k m\u00fcptelal\u0131k yaratt\u0131\u201d dedi.<\/p>\n<p>&nbsp;<\/p>\n<p>ISTAC Genel Sekreteri Av. Yasin Ekmen ise, bu t\u00fcr organizasyonlarla T\u00fcrkiye\u2019de bir tahkim k\u00fclt\u00fcr\u00fc olu\u015fmas\u0131n\u0131 hedeflediklerini s\u00f6yledi. Yar\u0131\u015fmaya kat\u0131lan gen\u00e7 hukuk\u00e7ular\u0131n hen\u00fcz mesle\u011fin ilk y\u0131llar\u0131nda tahkimle ilgili donan\u0131m\u0131 alarak meslek hayatlar\u0131na ba\u015flayacaklar\u0131n\u0131 ve bunun \u00f6nemli bir avantaj oldu\u011funu vurgulayan Ekmen, s\u00f6zlerini \u015f\u00f6yle s\u00fcrd\u00fcrd\u00fc:<\/p>\n<p>&nbsp;<\/p>\n<p>\u201cISTAC T\u00fcrkiye\u2019nin tahkim merkezidir. Hi\u00e7bir kurum ve kurulu\u015fa ait de\u011filiz. Genel kurulumuzu olu\u015fturan 14 kurulu\u015ftan olu\u015fan bir yap\u0131ya sahibiz. Bu da her kesime uyu\u015fmazl\u0131klar\u0131n\u0131 \u00e7\u00f6zmek i\u00e7in objektif bir zemin sunuyor. \u0130lgili her kurumun genel kurulumuzda temsil edilmesi her kesime e\u015fit mesafede oldu\u011fumuzun a\u00e7\u0131k garantisidir. ISTAC olarak \u00fclkemizi b\u00f6lgede bir uyu\u015fmazl\u0131k \u00e7\u00f6z\u00fcm merkezi haline getirmek i\u00e7in \u00e7al\u0131\u015fmaktay\u0131z. Nitekim 2020 ve 2021 y\u0131llar\u0131nda ISTAC\u2019a gelen dava say\u0131s\u0131ndaki art\u0131\u015f T\u00fcrkiye\u2019de tahkimin gelece\u011finin umut verici oldu\u011funu g\u00f6steriyor.\u201d<\/p>\n<p>&nbsp;<\/p>\n<p>4 G\u00dcNL\u00dcK KURGUSAL DAVA MARATONU<\/p>\n<p>10. Gelece\u011fin Tahkim Avukat\u0131 Yar\u0131\u015fmas\u0131\u2019n\u0131n temel kurgusunu olu\u015fturan olay metni \u00d6zay Hukuk B\u00fcrosu taraf\u0131ndan haz\u0131rlanm\u0131\u015f ve 22 Ekim 2021 tarihinde yar\u0131\u015fma ba\u015fvurulara a\u00e7\u0131lm\u0131\u015ft\u0131. 4 g\u00fcnl\u00fck kurgusal dava maratonunun final duru\u015fmas\u0131 ve \u00f6d\u00fcl t\u00f6reni Bah\u00e7e\u015fehir \u00dcniversitesi Hukuk Fak\u00fcltesi konferans salonunda ger\u00e7ekle\u015fti. Finale kalan iki tak\u0131m\u0131n zirve duru\u015fmas\u0131nda ISTAC Ba\u015fkan\u0131 Prof. Dr. Ziya Ak\u0131nc\u0131, \u00d6zay Hukuk B\u00fcrosu Kurucu Orta\u011f\u0131 Av. Merter \u00d6zay, L\u2019Oreal Hukuk ve Bilim Direkt\u00f6r\u00fc Av. Hande Karak\u00fclah hakem heyeti olarak yer ald\u0131. Bu zorlu m\u00fccadeleyi Ankara \u00dcniversitesi birincilikle noktalarken, \u0130stanbul \u00dcniversitesi ve Marmara \u00dcniversitesi tak\u0131mlar\u0131 da ilk 3 s\u0131ray\u0131 payla\u015ft\u0131. Yar\u0131\u015fmada birinciye 10.000, ikinciye 7.500, \u00fc\u00e7\u00fcnc\u00fcye 5.000 TL para \u00f6d\u00fcl\u00fc verildi. \u0130hsan Do\u011framac\u0131 Bilkent \u00dcniversitesi ekibinden G\u00f6k\u00e7e Laleo\u011flu ise \u201cGelece\u011fin Tahkim Avukat\u0131\u201d se\u00e7ildi ve hem ISTAC\u2019da hem de \u00d6zay Hukuk B\u00fcrosu\u2019nda staj hakk\u0131 kazand\u0131. Ayr\u0131ca Ankara \u00dcniversitesi tak\u0131m\u0131 \u201cEn iyi Dava Dilek\u00e7esi \u00d6d\u00fcl\u00fc\u201dn\u00fc, Bah\u00e7e\u015fehir \u00dcniversitesi tak\u0131m\u0131 \u201cEn \u0130yi Cevap Dilek\u00e7esi \u00d6d\u00fcl\u00fc\u201dn\u00fc ald\u0131 ve her iki ba\u015far\u0131l\u0131 ekibe kitap seti hediye edildi. Yar\u0131\u015fma, Gen\u00e7 ISTAC Platformu Ba\u015fkan\u0131 Av. Deniz \u00d6zy\u0131ld\u0131z \u00f6nc\u00fcl\u00fc\u011f\u00fcnde, GTAY Komisyonu Ba\u015fkan\u0131 Av. \u0130dil Elvin \u00c7avu\u015f ve Av. Zeren Liman\u2019\u0131n koordinasyonunda d\u00fczenlendi. Bu y\u0131l da iki a\u015famal\u0131 organize edilen yar\u0131\u015fman\u0131n arabuluculuk m\u00fczakereleri ge\u00e7ti\u011fimiz \u015fubat ay\u0131nda ger\u00e7ekle\u015fmi\u015fti. VI.GTAY Arabuluculuk A\u015famas\u0131nda Marmara \u00dcniversitesi, Ankara Y\u0131ld\u0131r\u0131m Beyaz\u0131t \u00dcniversitesi ve Bah\u00e7e\u015fehir \u00dcniversitesi tak\u0131mlar\u0131 ilk 3\u2019e girmi\u015fti.<\/p>\n<p>&nbsp;<\/p>\n<p><img loading=\"lazy\" class=\"aligncenter size-large wp-image-21534\" src=\"https:\/\/istac.org.tr\/wp-content\/uploads\/2022\/05\/istac-2-1024x683.jpg\" alt=\"\" width=\"1024\" height=\"683\" srcset=\"https:\/\/istac.org.tr\/wp-content\/uploads\/2022\/05\/istac-2-1024x683.jpg 1024w, https:\/\/istac.org.tr\/wp-content\/uploads\/2022\/05\/istac-2-300x200.jpg 300w, https:\/\/istac.org.tr\/wp-content\/uploads\/2022\/05\/istac-2-768x512.jpg 768w\" sizes=\"(max-width: 1024px) 100vw, 1024px\" \/> <img loading=\"lazy\" class=\"aligncenter size-large wp-image-21532\" src=\"https:\/\/istac.org.tr\/wp-content\/uploads\/2022\/05\/istac-1-1024x683.jpg\" alt=\"\" width=\"1024\" height=\"683\" srcset=\"https:\/\/istac.org.tr\/wp-content\/uploads\/2022\/05\/istac-1-1024x683.jpg 1024w, https:\/\/istac.org.tr\/wp-content\/uploads\/2022\/05\/istac-1-300x200.jpg 300w, https:\/\/istac.org.tr\/wp-content\/uploads\/2022\/05\/istac-1-768x512.jpg 768w\" sizes=\"(max-width: 1024px) 100vw, 1024px\" \/><img loading=\"lazy\" class=\"aligncenter size-large wp-image-21540\" src=\"https:\/\/istac.org.tr\/wp-content\/uploads\/2022\/05\/istac-5-1024x683.jpg\" alt=\"\" width=\"1024\" height=\"683\" srcset=\"https:\/\/istac.org.tr\/wp-content\/uploads\/2022\/05\/istac-5-1024x683.jpg 1024w, https:\/\/istac.org.tr\/wp-content\/uploads\/2022\/05\/istac-5-300x200.jpg 300w, https:\/\/istac.org.tr\/wp-content\/uploads\/2022\/05\/istac-5-768x512.jpg 768w\" sizes=\"(max-width: 1024px) 100vw, 1024px\" \/><img loading=\"lazy\" class=\"aligncenter size-large wp-image-21538\" src=\"https:\/\/istac.org.tr\/wp-content\/uploads\/2022\/05\/istac-4-1024x683.jpg\" alt=\"\" width=\"1024\" height=\"683\" srcset=\"https:\/\/istac.org.tr\/wp-content\/uploads\/2022\/05\/istac-4-1024x683.jpg 1024w, https:\/\/istac.org.tr\/wp-content\/uploads\/2022\/05\/istac-4-300x200.jpg 300w, https:\/\/istac.org.tr\/wp-content\/uploads\/2022\/05\/istac-4-768x512.jpg 768w\" sizes=\"(max-width: 1024px) 100vw, 1024px\" \/><img loading=\"lazy\" class=\"aligncenter size-large wp-image-21536\" src=\"https:\/\/istac.org.tr\/wp-content\/uploads\/2022\/05\/istac-3-1024x683.jpg\" alt=\"\" width=\"1024\" height=\"683\" srcset=\"https:\/\/istac.org.tr\/wp-content\/uploads\/2022\/05\/istac-3-1024x683.jpg 1024w, https:\/\/istac.org.tr\/wp-content\/uploads\/2022\/05\/istac-3-300x200.jpg 300w, https:\/\/istac.org.tr\/wp-content\/uploads\/2022\/05\/istac-3-768x512.jpg 768w\" sizes=\"(max-width: 1024px) 100vw, 1024px\" \/><\/p>\n<p>&nbsp;<\/p>\n","protected":false},"excerpt":{"rendered":"<p>GELECE\u011e\u0130N TAHK\u0130M AVUKATI YARI\u015eMASINDA ANKARA \u00dcN\u0130VERS\u0130TES\u0130 Z\u0130RVEDE \u00a0 \u0130STANBUL TAHK\u0130M MERKEZ\u0130 GEN\u00c7L\u0130K PLATFORMU GEN\u00c7 ISTAC TARAFINDAN D\u00dcZENLENEN KURGUSAL DAVA YARI\u015eMASINDA YAKLA\u015eIK 250 HUKUK \u00d6\u011eRENC\u0130S\u0130 Z\u0130RVE \u0130\u00c7\u0130N M\u00dcCADELE ETT\u0130. \u00a0 B\u0130R\u0130NC\u0130L\u0130K \u00d6D\u00dcL\u00dc ANKARA \u00dcN\u0130VERS\u0130TES\u0130\u2019N\u0130N OLURKEN, \u0130STANBUL \u00dcN\u0130VERS\u0130TES\u0130 EK\u0130B\u0130 \u0130K\u0130NC\u0130L\u0130K, MARMARA \u00dcN\u0130VERS\u0130TES\u0130 EK\u0130B\u0130 \u00dc\u00c7\u00dcNC\u00dcL\u00dcK \u00d6D\u00dcL\u00dcN\u00dc ALDI. GELECE\u011e\u0130N TAHK\u0130M AVUKATI \u00d6D\u00dcL\u00dc DE B\u0130LKENT \u00dcN\u0130VERS\u0130TES\u0130\u2019NDEN G\u00d6K\u00c7E LALEO\u011eLU\u2019NA VER\u0130LD\u0130. &nbsp;<a href=\"https:\/\/istac.org.tr\/tr\/istacdan-hibrit-yarisma\/\">[&#8230;]<\/a><\/p>\n","protected":false},"author":1,"featured_media":0,"comment_status":"open","ping_status":"open","sticky":false,"template":"","format":"standard","meta":[],"categories":[5,3,54],"tags":[],"acf":[],"post_mailing_queue_ids":[],"_links":{"self":[{"href":"https:\/\/istac.org.tr\/tr\/wp-json\/wp\/v2\/posts\/21531\/"}],"collection":[{"href":"https:\/\/istac.org.tr\/tr\/wp-json\/wp\/v2\/posts\/"}],"about":[{"href":"https:\/\/istac.org.tr\/tr\/wp-json\/wp\/v2\/types\/post\/"}],"author":[{"embeddable":true,"href":"https:\/\/istac.org.tr\/tr\/wp-json\/wp\/v2\/users\/1\/"}],"replies":[{"embeddable":true,"href":"https:\/\/istac.org.tr\/tr\/wp-json\/wp\/v2\/comments\/?post=21531"}],"version-history":[{"count":3,"href":"https:\/\/istac.org.tr\/tr\/wp-json\/wp\/v2\/posts\/21531\/revisions\/"}],"predecessor-version":[{"id":21803,"href":"https:\/\/istac.org.tr\/tr\/wp-json\/wp\/v2\/posts\/21531\/revisions\/21803\/"}],"wp:attachment":[{"href":"https:\/\/istac.org.tr\/tr\/wp-json\/wp\/v2\/media\/?parent=21531"}],"wp:term":[{"taxonomy":"category","embeddable":true,"href":"https:\/\/istac.org.tr\/tr\/wp-json\/wp\/v2\/categories\/?post=21531"},{"taxonomy":"post_tag","embeddable":true,"href":"https:\/\/istac.org.tr\/tr\/wp-json\/wp\/v2\/tags\/?post=21531"}],"curies":[{"name":"wp","href":"https:\/\/api.w.org\/{rel}","templated":true}]}}