{"id":21307,"date":"2022-02-18T16:58:10","date_gmt":"2022-02-18T13:58:10","guid":{"rendered":"https:\/\/istac.org.tr\/?p=21307"},"modified":"2022-02-18T16:58:41","modified_gmt":"2022-02-18T13:58:41","slug":"9-mart-2022-genc-istac-tahkim-ve-is-hayatinda-kadin","status":"publish","type":"post","link":"https:\/\/istac.org.tr\/tr\/9-mart-2022-genc-istac-tahkim-ve-is-hayatinda-kadin\/","title":{"rendered":"9 Mart 2022- Gen\u00e7 ISTAC- Tahkim ve \u0130\u015f Hayat\u0131nda Kad\u0131n"},"content":{"rendered":"<div dir=\"auto\">8 Mart D\u00fcnya Emek\u00e7i Kad\u0131nlar G\u00fcn\u00fc i\u00e7in ISTAC ve @YoungISTAC T\u00fcrkiye&#8217;de kad\u0131nlar\u0131n tahkimde ve i\u015f hayat\u0131nda ya\u015fad\u0131klar\u0131 ortak tecr\u00fcbelerin, sorunlar\u0131n ve son d\u00f6nemde ya\u015fanan geli\u015fmelerin ele al\u0131naca\u011f\u0131 bir konferans d\u00fczenliyor.<\/div>\n<div dir=\"auto\"><\/div>\n<div dir=\"auto\"><a href=\"https:\/\/us06web.zoom.us\/j\/89344834288\" target=\"_blank\" rel=\"noopener\">https:\/\/us06web.zoom.us\/j\/89344834288<\/a><\/div>\n<div dir=\"auto\"><\/div>\n<div dir=\"auto\"><img loading=\"lazy\" class=\"size-large wp-image-21308 alignleft\" src=\"https:\/\/istac.org.tr\/wp-content\/uploads\/2022\/02\/Tahkimve\u0130\u015fHayat\u0131ndaKad\u0131n-819x1024.jpg\" alt=\"\" width=\"819\" height=\"1024\" srcset=\"https:\/\/istac.org.tr\/wp-content\/uploads\/2022\/02\/Tahkimve\u0130\u015fHayat\u0131ndaKad\u0131n-819x1024.jpg 819w, https:\/\/istac.org.tr\/wp-content\/uploads\/2022\/02\/Tahkimve\u0130\u015fHayat\u0131ndaKad\u0131n-240x300.jpg 240w, https:\/\/istac.org.tr\/wp-content\/uploads\/2022\/02\/Tahkimve\u0130\u015fHayat\u0131ndaKad\u0131n-768x960.jpg 768w, https:\/\/istac.org.tr\/wp-content\/uploads\/2022\/02\/Tahkimve\u0130\u015fHayat\u0131ndaKad\u0131n.jpg 1080w\" sizes=\"(max-width: 819px) 100vw, 819px\" \/><\/div>\n","protected":false},"excerpt":{"rendered":"<p>8 Mart D\u00fcnya Emek\u00e7i Kad\u0131nlar G\u00fcn\u00fc i\u00e7in ISTAC ve @YoungISTAC T\u00fcrkiye&#8217;de kad\u0131nlar\u0131n tahkimde ve i\u015f hayat\u0131nda ya\u015fad\u0131klar\u0131 ortak tecr\u00fcbelerin, sorunlar\u0131n ve son d\u00f6nemde ya\u015fanan geli\u015fmelerin ele al\u0131naca\u011f\u0131 bir konferans d\u00fczenliyor. https:\/\/us06web.zoom.us\/j\/89344834288<\/p>\n","protected":false},"author":1,"featured_media":0,"comment_status":"open","ping_status":"open","sticky":false,"template":"","format":"standard","meta":[],"categories":[4,32,1],"tags":[],"acf":[],"post_mailing_queue_ids":[],"_links":{"self":[{"href":"https:\/\/istac.org.tr\/tr\/wp-json\/wp\/v2\/posts\/21307\/"}],"collection":[{"href":"https:\/\/istac.org.tr\/tr\/wp-json\/wp\/v2\/posts\/"}],"about":[{"href":"https:\/\/istac.org.tr\/tr\/wp-json\/wp\/v2\/types\/post\/"}],"author":[{"embeddable":true,"href":"https:\/\/istac.org.tr\/tr\/wp-json\/wp\/v2\/users\/1\/"}],"replies":[{"embeddable":true,"href":"https:\/\/istac.org.tr\/tr\/wp-json\/wp\/v2\/comments\/?post=21307"}],"version-history":[{"count":1,"href":"https:\/\/istac.org.tr\/tr\/wp-json\/wp\/v2\/posts\/21307\/revisions\/"}],"predecessor-version":[{"id":21310,"href":"https:\/\/istac.org.tr\/tr\/wp-json\/wp\/v2\/posts\/21307\/revisions\/21310\/"}],"wp:attachment":[{"href":"https:\/\/istac.org.tr\/tr\/wp-json\/wp\/v2\/media\/?parent=21307"}],"wp:term":[{"taxonomy":"category","embeddable":true,"href":"https:\/\/istac.org.tr\/tr\/wp-json\/wp\/v2\/categories\/?post=21307"},{"taxonomy":"post_tag","embeddable":true,"href":"https:\/\/istac.org.tr\/tr\/wp-json\/wp\/v2\/tags\/?post=21307"}],"curies":[{"name":"wp","href":"https:\/\/api.w.org\/{rel}","templated":true}]}}