{"id":20957,"date":"2021-05-24T16:32:12","date_gmt":"2021-05-24T13:32:12","guid":{"rendered":"https:\/\/istac.org.tr\/?p=20957"},"modified":"2021-05-24T16:33:06","modified_gmt":"2021-05-24T13:33:06","slug":"4-haziran-2021-tahkimde-hukuki-dinlenilme-hakki","status":"publish","type":"post","link":"https:\/\/istac.org.tr\/tr\/4-haziran-2021-tahkimde-hukuki-dinlenilme-hakki\/","title":{"rendered":"4 Haziran 2021- Tahkimde Hukuki Dinlenilme Hakk\u0131"},"content":{"rendered":"<p>ISTAC Taraf\u0131ndan d\u00fczenlenen \u201cTahkimde Hukuki Dinlenilme Hakk\u0131\u201d semineri \u00e7evrimi\u00e7i olarak 4 Haziran 2021 Cuma g\u00fcn\u00fc saat 14.00\u2019te ger\u00e7ekle\u015ftirilecektir! Tahkim yarg\u0131lamas\u0131 i\u00e7inde olduk\u00e7a \u00f6nemli bir yer tutan yaz\u0131l\u0131 ve s\u00f6zl\u00fc iddia ve savunma, dinlenilme hakk\u0131 \u00e7er\u00e7evesinde birbirinden de\u011ferli hukuk\u00e7ular taraf\u0131ndan ele al\u0131nacakt\u0131r. Program Zoom ve Youtube \u00fczerinden e\u015f zamanl\u0131 olarak yay\u0131nlanacak olup kat\u0131l\u0131m linklerine web sitemizden ve sosyal medya hesaplar\u0131m\u0131zdan eri\u015febilirsiniz.<\/p>\n<p>Zoom kat\u0131l\u0131m linki: <a href=\"https:\/\/zoom.us\/j\/93599979855\" target=\"_blank\" rel=\"noopener\">https:\/\/zoom.us\/j\/93599979855<\/a><\/p>\n<p>Youtube kat\u0131l\u0131m linki: <a href=\"https:\/\/www.youtube.com\/channel\/UCI_dpxnXMGF8ZghyCytopcg\" target=\"_blank\" rel=\"noopener\">https:\/\/www.youtube.com\/channel\/UCI_dpxnXMGF8ZghyCytopcg<\/a><\/p>\n<p>&nbsp;<\/p>\n<p><img loading=\"lazy\" class=\"aligncenter size-full wp-image-20958\" src=\"https:\/\/istac.org.tr\/wp-content\/uploads\/2021\/05\/1621858009271.jpg\" alt=\"\" width=\"800\" height=\"800\" srcset=\"https:\/\/istac.org.tr\/wp-content\/uploads\/2021\/05\/1621858009271.jpg 800w, https:\/\/istac.org.tr\/wp-content\/uploads\/2021\/05\/1621858009271-150x150.jpg 150w, https:\/\/istac.org.tr\/wp-content\/uploads\/2021\/05\/1621858009271-300x300.jpg 300w, https:\/\/istac.org.tr\/wp-content\/uploads\/2021\/05\/1621858009271-768x768.jpg 768w\" sizes=\"(max-width: 800px) 100vw, 800px\" \/><\/p>\n","protected":false},"excerpt":{"rendered":"<p>ISTAC Taraf\u0131ndan d\u00fczenlenen \u201cTahkimde Hukuki Dinlenilme Hakk\u0131\u201d semineri \u00e7evrimi\u00e7i olarak 4 Haziran 2021 Cuma g\u00fcn\u00fc saat 14.00\u2019te ger\u00e7ekle\u015ftirilecektir! Tahkim yarg\u0131lamas\u0131 i\u00e7inde olduk\u00e7a \u00f6nemli bir yer tutan yaz\u0131l\u0131 ve s\u00f6zl\u00fc iddia ve savunma, dinlenilme hakk\u0131 \u00e7er\u00e7evesinde birbirinden de\u011ferli hukuk\u00e7ular taraf\u0131ndan ele al\u0131nacakt\u0131r. Program Zoom ve Youtube \u00fczerinden e\u015f zamanl\u0131 olarak yay\u0131nlanacak olup kat\u0131l\u0131m linklerine web sitemizden<a href=\"https:\/\/istac.org.tr\/tr\/4-haziran-2021-tahkimde-hukuki-dinlenilme-hakki\/\">[&#8230;]<\/a><\/p>\n","protected":false},"author":1,"featured_media":0,"comment_status":"open","ping_status":"open","sticky":false,"template":"","format":"standard","meta":[],"categories":[52,5,4],"tags":[],"acf":[],"post_mailing_queue_ids":[],"_links":{"self":[{"href":"https:\/\/istac.org.tr\/tr\/wp-json\/wp\/v2\/posts\/20957\/"}],"collection":[{"href":"https:\/\/istac.org.tr\/tr\/wp-json\/wp\/v2\/posts\/"}],"about":[{"href":"https:\/\/istac.org.tr\/tr\/wp-json\/wp\/v2\/types\/post\/"}],"author":[{"embeddable":true,"href":"https:\/\/istac.org.tr\/tr\/wp-json\/wp\/v2\/users\/1\/"}],"replies":[{"embeddable":true,"href":"https:\/\/istac.org.tr\/tr\/wp-json\/wp\/v2\/comments\/?post=20957"}],"version-history":[{"count":2,"href":"https:\/\/istac.org.tr\/tr\/wp-json\/wp\/v2\/posts\/20957\/revisions\/"}],"predecessor-version":[{"id":20961,"href":"https:\/\/istac.org.tr\/tr\/wp-json\/wp\/v2\/posts\/20957\/revisions\/20961\/"}],"wp:attachment":[{"href":"https:\/\/istac.org.tr\/tr\/wp-json\/wp\/v2\/media\/?parent=20957"}],"wp:term":[{"taxonomy":"category","embeddable":true,"href":"https:\/\/istac.org.tr\/tr\/wp-json\/wp\/v2\/categories\/?post=20957"},{"taxonomy":"post_tag","embeddable":true,"href":"https:\/\/istac.org.tr\/tr\/wp-json\/wp\/v2\/tags\/?post=20957"}],"curies":[{"name":"wp","href":"https:\/\/api.w.org\/{rel}","templated":true}]}}