{"id":19573,"date":"2016-08-17T23:02:03","date_gmt":"2016-08-17T20:02:03","guid":{"rendered":"https:\/\/istac.org.tr\/av-mehmet-rifat-bacanli-2\/"},"modified":"2025-01-31T11:22:41","modified_gmt":"2025-01-31T08:22:41","slug":"egemen-gurcun","status":"publish","type":"post","link":"https:\/\/istac.org.tr\/tr\/egemen-gurcun\/","title":{"rendered":"Egemen G\u00fcrc\u00fcn"},"content":{"rendered":"<p class=\"p1\">1982 y\u0131l\u0131nda \u00c7orlu\u2019da do\u011fmu\u015ftur. \u0130stanbul \u00dcniversitesi Hukuk Fak\u00fcltesinden 2004 y\u0131l\u0131nda mezun olmu\u015ftur. 2005 y\u0131l\u0131nda \u0130stanbul Barosunda Avukatl\u0131k Staj\u0131n\u0131 tamamlam\u0131\u015f ve 2007 y\u0131l\u0131nda Amsterdam \u00dcniversitesi Hukuk Fak\u00fcltesi, Uluslararas\u0131 Hukuk ve Avrupa Birli\u011fi Hukuku Tezli Y\u00fcksek Lisans program\u0131nda Avrupa Birli\u011fi \u0130\u015f Hukuku (European Business Law) uzmanl\u0131k dal\u0131ndan mezun olmu\u015ftur. Y\u00fcksek lisans e\u011fitiminin esas\u0131n\u0131 Rekabet Hukuku, Ticaret Hukuku, \u015eirketler Hukuku, Vergi Hukuku ve \u0130\u015f Hukuku konular\u0131 olu\u015fturmaktad\u0131r.<br \/>\nAv. Egemen G\u00fcrc\u00fcn, 2008 y\u0131l\u0131ndan bu yana \u00c7erkezk\u00f6y\u2019de avukatl\u0131k faaliyetleri y\u00fcr\u00fctmekte olup a\u011f\u0131rl\u0131kl\u0131 olarak Ticaret Hukuku, Bankac\u0131l\u0131k ve Sigorta Hukuku ile \u0130\u015f Hukuku alanlar\u0131nda \u00e7al\u0131\u015fmalar yapmaktad\u0131r.<br \/>\n2018-2022 tarihleri aras\u0131nda Tekirda\u011f Barosu Ba\u015fkan Yard\u0131mc\u0131l\u0131\u011f\u0131 g\u00f6revini y\u00fcr\u00fcten Av. Egemen G\u00fcrc\u00fcn, 2022 Ekim ay\u0131nda Tekirda\u011f Barosu Ba\u015fkanl\u0131\u011f\u0131na se\u00e7ilmi\u015ftir. Ba\u015fkan Yard\u0131mc\u0131l\u0131\u011f\u0131 d\u00f6neminde Tekirda\u011f Barosu Tahkim Komisyonunun kurulmas\u0131na \u00f6nc\u00fcl\u00fck etmi\u015f ve Komisyon Ba\u015fkanl\u0131\u011f\u0131 g\u00f6revini \u00fcstlenmi\u015ftir. Komisyon faaliyetleri kapsam\u0131nda tahkimin yayg\u0131nla\u015ft\u0131r\u0131lmas\u0131 i\u00e7in \u00e7al\u0131\u015fmalar y\u00fcr\u00fctm\u00fc\u015ft\u00fcr. \u0130ki d\u00f6nem Tekirda\u011f Barosu Staj E\u011fitimi kapsam\u0131nda Tahkim Hukuku dersleri vermi\u015ftir. 2019 y\u0131l\u0131nda arabulucu olan Avukat Egemen G\u00fcrc\u00fcn, \u0130stanbul Tahkim Merkezi Vekalet Uyu\u015fmazl\u0131klar\u0131 Komisyonunda kurulu\u015fundan bu yana yer almaktad\u0131r. Tahkim alan\u0131nda \u00e7ok say\u0131da ulusal ve uluslararas\u0131 konferans ve e\u011fitimlere kat\u0131lm\u0131\u015ft\u0131r.<br \/>\nAv. Egemen G\u00fcrc\u00fcn evli ve iki k\u0131z \u00e7ocuk babas\u0131d\u0131r. \u0130ngilizce bilmektedir.<\/p>\n","protected":false},"excerpt":{"rendered":"<p>1982 y\u0131l\u0131nda \u00c7orlu\u2019da do\u011fmu\u015ftur. \u0130stanbul \u00dcniversitesi Hukuk Fak\u00fcltesinden 2004 y\u0131l\u0131nda mezun olmu\u015ftur. 2005 y\u0131l\u0131nda \u0130stanbul Barosunda Avukatl\u0131k Staj\u0131n\u0131 tamamlam\u0131\u015f ve 2007 y\u0131l\u0131nda Amsterdam \u00dcniversitesi Hukuk Fak\u00fcltesi, Uluslararas\u0131 Hukuk ve Avrupa Birli\u011fi Hukuku Tezli Y\u00fcksek Lisans program\u0131nda Avrupa Birli\u011fi \u0130\u015f Hukuku (European Business Law) uzmanl\u0131k dal\u0131ndan mezun olmu\u015ftur. Y\u00fcksek lisans e\u011fitiminin esas\u0131n\u0131 Rekabet Hukuku, Ticaret Hukuku,<a href=\"https:\/\/istac.org.tr\/tr\/egemen-gurcun\/\">[&#8230;]<\/a><\/p>\n","protected":false},"author":2,"featured_media":0,"comment_status":"open","ping_status":"open","sticky":false,"template":"","format":"standard","meta":[],"categories":[48],"tags":[],"acf":[],"post_mailing_queue_ids":[],"_links":{"self":[{"href":"https:\/\/istac.org.tr\/tr\/wp-json\/wp\/v2\/posts\/19573\/"}],"collection":[{"href":"https:\/\/istac.org.tr\/tr\/wp-json\/wp\/v2\/posts\/"}],"about":[{"href":"https:\/\/istac.org.tr\/tr\/wp-json\/wp\/v2\/types\/post\/"}],"author":[{"embeddable":true,"href":"https:\/\/istac.org.tr\/tr\/wp-json\/wp\/v2\/users\/2\/"}],"replies":[{"embeddable":true,"href":"https:\/\/istac.org.tr\/tr\/wp-json\/wp\/v2\/comments\/?post=19573"}],"version-history":[{"count":8,"href":"https:\/\/istac.org.tr\/tr\/wp-json\/wp\/v2\/posts\/19573\/revisions\/"}],"predecessor-version":[{"id":23352,"href":"https:\/\/istac.org.tr\/tr\/wp-json\/wp\/v2\/posts\/19573\/revisions\/23352\/"}],"wp:attachment":[{"href":"https:\/\/istac.org.tr\/tr\/wp-json\/wp\/v2\/media\/?parent=19573"}],"wp:term":[{"taxonomy":"category","embeddable":true,"href":"https:\/\/istac.org.tr\/tr\/wp-json\/wp\/v2\/categories\/?post=19573"},{"taxonomy":"post_tag","embeddable":true,"href":"https:\/\/istac.org.tr\/tr\/wp-json\/wp\/v2\/tags\/?post=19573"}],"curies":[{"name":"wp","href":"https:\/\/api.w.org\/{rel}","templated":true}]}}