{"id":19465,"date":"2019-05-24T12:06:54","date_gmt":"2019-05-24T09:06:54","guid":{"rendered":"https:\/\/istac.org.tr\/?p=19465"},"modified":"2019-06-17T11:11:03","modified_gmt":"2019-06-17T08:11:03","slug":"23-may-2019-energy-disputes-conference-gerceklestirildi","status":"publish","type":"post","link":"https:\/\/istac.org.tr\/tr\/23-may-2019-energy-disputes-conference-gerceklestirildi\/","title":{"rendered":"23 May 2019- Energy Disputes Conference Ger\u00e7ekle\u015ftirildi"},"content":{"rendered":"<p>\u0130stanbul Tahkim Merkezi (ISTAC) ve Boden Law, Kolcuo\u011flu Demirkan Ko\u00e7akl\u0131 Hukuk B\u00fcrosu, Karadeniz Holding i\u015fbirli\u011fiyle d\u00fczenlenen Enerji Konferans\u0131 yo\u011fun ilgi g\u00f6rd\u00fc. Enerji sekt\u00f6r\u00fcnde tahkim ve ISTAC Tahkimi konferans\u0131n ana g\u00fcndemiydi.\u0130stanbul Tahkim Merkezi (ISTAC) ve Boden Law, Kolcuo\u011flu Demirkan Ko\u00e7akl\u0131 Hukuk B\u00fcrosu, Karadeniz Holding i\u015fbirli\u011fiyle d\u00fczenlenen Enerji Konferans\u0131 yo\u011fun ilgi g\u00f6rd\u00fc. Enerji sekt\u00f6r\u00fcnde tahkim ve ISTAC Tahkimi konferans\u0131n ana g\u00fcndemiydi.<\/p>\n<p><img loading=\"lazy\" class=\"aligncenter size-large wp-image-19466\" src=\"https:\/\/istac.org.tr\/wp-content\/uploads\/2019\/05\/HKYZ5487-1024x681.jpg\" alt=\"\" width=\"1024\" height=\"681\" srcset=\"https:\/\/istac.org.tr\/wp-content\/uploads\/2019\/05\/HKYZ5487-1024x681.jpg 1024w, https:\/\/istac.org.tr\/wp-content\/uploads\/2019\/05\/HKYZ5487-300x199.jpg 300w, https:\/\/istac.org.tr\/wp-content\/uploads\/2019\/05\/HKYZ5487-768x511.jpg 768w\" sizes=\"(max-width: 1024px) 100vw, 1024px\" \/> <img loading=\"lazy\" class=\"size-large wp-image-19472 alignnone\" src=\"https:\/\/istac.org.tr\/wp-content\/uploads\/2019\/05\/HKYZ5627-e1558687700215-681x1024.jpg\" alt=\"\" width=\"681\" height=\"1024\" srcset=\"https:\/\/istac.org.tr\/wp-content\/uploads\/2019\/05\/HKYZ5627-e1558687700215-681x1024.jpg 681w, https:\/\/istac.org.tr\/wp-content\/uploads\/2019\/05\/HKYZ5627-e1558687700215-199x300.jpg 199w, https:\/\/istac.org.tr\/wp-content\/uploads\/2019\/05\/HKYZ5627-e1558687700215-768x1155.jpg 768w, https:\/\/istac.org.tr\/wp-content\/uploads\/2019\/05\/HKYZ5627-e1558687700215.jpg 2000w\" sizes=\"(max-width: 681px) 100vw, 681px\" \/> <img loading=\"lazy\" class=\"aligncenter size-large wp-image-19470\" src=\"https:\/\/istac.org.tr\/wp-content\/uploads\/2019\/05\/HKYZ5571-1024x681.jpg\" alt=\"\" width=\"1024\" height=\"681\" srcset=\"https:\/\/istac.org.tr\/wp-content\/uploads\/2019\/05\/HKYZ5571-1024x681.jpg 1024w, https:\/\/istac.org.tr\/wp-content\/uploads\/2019\/05\/HKYZ5571-300x199.jpg 300w, https:\/\/istac.org.tr\/wp-content\/uploads\/2019\/05\/HKYZ5571-768x511.jpg 768w\" sizes=\"(max-width: 1024px) 100vw, 1024px\" \/><img loading=\"lazy\" class=\"aligncenter size-large wp-image-19468\" src=\"https:\/\/istac.org.tr\/wp-content\/uploads\/2019\/05\/YAS\u0130N-EKMEN-1024x681.jpg\" alt=\"\" width=\"1024\" height=\"681\" srcset=\"https:\/\/istac.org.tr\/wp-content\/uploads\/2019\/05\/YAS\u0130N-EKMEN-1024x681.jpg 1024w, https:\/\/istac.org.tr\/wp-content\/uploads\/2019\/05\/YAS\u0130N-EKMEN-300x199.jpg 300w, https:\/\/istac.org.tr\/wp-content\/uploads\/2019\/05\/YAS\u0130N-EKMEN-768x511.jpg 768w\" sizes=\"(max-width: 1024px) 100vw, 1024px\" \/><img loading=\"lazy\" class=\"aligncenter size-large wp-image-19476\" src=\"https:\/\/istac.org.tr\/wp-content\/uploads\/2019\/05\/HKYZ5425-1024x681.jpg\" alt=\"\" width=\"1024\" height=\"681\" srcset=\"https:\/\/istac.org.tr\/wp-content\/uploads\/2019\/05\/HKYZ5425-1024x681.jpg 1024w, https:\/\/istac.org.tr\/wp-content\/uploads\/2019\/05\/HKYZ5425-300x199.jpg 300w, https:\/\/istac.org.tr\/wp-content\/uploads\/2019\/05\/HKYZ5425-768x511.jpg 768w\" sizes=\"(max-width: 1024px) 100vw, 1024px\" \/><\/p>\n","protected":false},"excerpt":{"rendered":"<p>\u0130stanbul Tahkim Merkezi (ISTAC) ve Boden Law, Kolcuo\u011flu Demirkan Ko\u00e7akl\u0131 Hukuk B\u00fcrosu, Karadeniz Holding i\u015fbirli\u011fiyle d\u00fczenlenen Enerji Konferans\u0131 yo\u011fun ilgi g\u00f6rd\u00fc. Enerji sekt\u00f6r\u00fcnde tahkim ve ISTAC Tahkimi konferans\u0131n ana g\u00fcndemiydi.\u0130stanbul Tahkim Merkezi (ISTAC) ve Boden Law, Kolcuo\u011flu Demirkan Ko\u00e7akl\u0131 Hukuk B\u00fcrosu, Karadeniz Holding i\u015fbirli\u011fiyle d\u00fczenlenen Enerji Konferans\u0131 yo\u011fun ilgi g\u00f6rd\u00fc. Enerji sekt\u00f6r\u00fcnde tahkim ve ISTAC<a href=\"https:\/\/istac.org.tr\/tr\/23-may-2019-energy-disputes-conference-gerceklestirildi\/\">[&#8230;]<\/a><\/p>\n","protected":false},"author":1,"featured_media":0,"comment_status":"open","ping_status":"open","sticky":false,"template":"","format":"standard","meta":[],"categories":[52,3],"tags":[],"acf":[],"post_mailing_queue_ids":[],"_links":{"self":[{"href":"https:\/\/istac.org.tr\/tr\/wp-json\/wp\/v2\/posts\/19465\/"}],"collection":[{"href":"https:\/\/istac.org.tr\/tr\/wp-json\/wp\/v2\/posts\/"}],"about":[{"href":"https:\/\/istac.org.tr\/tr\/wp-json\/wp\/v2\/types\/post\/"}],"author":[{"embeddable":true,"href":"https:\/\/istac.org.tr\/tr\/wp-json\/wp\/v2\/users\/1\/"}],"replies":[{"embeddable":true,"href":"https:\/\/istac.org.tr\/tr\/wp-json\/wp\/v2\/comments\/?post=19465"}],"version-history":[{"count":2,"href":"https:\/\/istac.org.tr\/tr\/wp-json\/wp\/v2\/posts\/19465\/revisions\/"}],"predecessor-version":[{"id":19479,"href":"https:\/\/istac.org.tr\/tr\/wp-json\/wp\/v2\/posts\/19465\/revisions\/19479\/"}],"wp:attachment":[{"href":"https:\/\/istac.org.tr\/tr\/wp-json\/wp\/v2\/media\/?parent=19465"}],"wp:term":[{"taxonomy":"category","embeddable":true,"href":"https:\/\/istac.org.tr\/tr\/wp-json\/wp\/v2\/categories\/?post=19465"},{"taxonomy":"post_tag","embeddable":true,"href":"https:\/\/istac.org.tr\/tr\/wp-json\/wp\/v2\/tags\/?post=19465"}],"curies":[{"name":"wp","href":"https:\/\/api.w.org\/{rel}","templated":true}]}}