{"id":19427,"date":"2019-05-13T11:38:10","date_gmt":"2019-05-13T08:38:10","guid":{"rendered":"https:\/\/istac.org.tr\/?p=19427"},"modified":"2019-06-17T11:11:48","modified_gmt":"2019-06-17T08:11:48","slug":"9-may-2019-conference-turkish-swiss-arbitration-day-gerceklestirildi","status":"publish","type":"post","link":"https:\/\/istac.org.tr\/tr\/9-may-2019-conference-turkish-swiss-arbitration-day-gerceklestirildi\/","title":{"rendered":"9 May 2019- Conference: Turkish-Swiss Arbitration Day Ger\u00e7ekle\u015ftirildi"},"content":{"rendered":"<p><span id=\"fbPhotoSnowliftCaption\" class=\"fbPhotosPhotoCaption\" tabindex=\"0\" aria-live=\"polite\" data-ft=\"{&quot;tn&quot;:&quot;K&quot;}\"><span class=\"hasCaption\">\u0130stanbul Tahkim Merkezi ve Lalive Hukuk B\u00fcrosu i\u015fbirli\u011fiyle d\u00fczenlenen &#8220;T\u00fcrkiye-\u0130svi\u00e7re Tahkim G\u00fcn\u00fc&#8221; konferans\u0131nda in\u015faat hukuku ve tahkim konu\u015fuldu.\u00a0 Konferans, ISTAC nezdinde anlaml\u0131 bir vedaya da sahne oldu. ISTAC Ba\u015fkan\u0131 Prof. Dr. Ziya Ak\u0131nc\u0131, Genel Sekreterlik g\u00f6revinden ayr\u0131lan Dr. Candan Yasan Tepeta\u015f\u2019a te\u015fekk\u00fcr plaketi verdi. K\u0131sa bir s\u00fcre sonra anne olmaya haz\u0131rlanan Tepeta\u015f, ISTAC\u2019\u0131n kurulu\u015fundan itibaren yakla\u015f\u0131k 4 y\u0131ld\u0131r g\u00f6revdeydi. G\u00f6revini hukuk\u00e7u meslekta\u015f\u0131 Yasin Ekmen\u2019e devrederken, ISTAC\u2019da emek verdi\u011fi son etkinlikten \u00e7i\u00e7eklerle u\u011furland\u0131.<\/span><\/span><span id=\"fbPhotoSnowliftTagList\" class=\"fbPhotoTagList\"><\/span><\/p>\n<p><img loading=\"lazy\" class=\"aligncenter size-large wp-image-19434\" src=\"https:\/\/istac.org.tr\/wp-content\/uploads\/2019\/05\/DSC_1226-1024x399.jpg\" alt=\"\" width=\"1024\" height=\"399\" srcset=\"https:\/\/istac.org.tr\/wp-content\/uploads\/2019\/05\/DSC_1226-1024x399.jpg 1024w, https:\/\/istac.org.tr\/wp-content\/uploads\/2019\/05\/DSC_1226-300x117.jpg 300w, https:\/\/istac.org.tr\/wp-content\/uploads\/2019\/05\/DSC_1226-768x299.jpg 768w\" sizes=\"(max-width: 1024px) 100vw, 1024px\" \/> <img loading=\"lazy\" class=\"aligncenter size-large wp-image-19436\" src=\"https:\/\/istac.org.tr\/wp-content\/uploads\/2019\/05\/DSC_1310-1-1024x512.jpg\" alt=\"\" width=\"1024\" height=\"512\" srcset=\"https:\/\/istac.org.tr\/wp-content\/uploads\/2019\/05\/DSC_1310-1-1024x512.jpg 1024w, https:\/\/istac.org.tr\/wp-content\/uploads\/2019\/05\/DSC_1310-1-300x150.jpg 300w, https:\/\/istac.org.tr\/wp-content\/uploads\/2019\/05\/DSC_1310-1-768x384.jpg 768w\" sizes=\"(max-width: 1024px) 100vw, 1024px\" \/> <img loading=\"lazy\" class=\"aligncenter size-large wp-image-19430\" src=\"https:\/\/istac.org.tr\/wp-content\/uploads\/2019\/05\/3-2-1024x683.jpg\" alt=\"\" width=\"1024\" height=\"683\" srcset=\"https:\/\/istac.org.tr\/wp-content\/uploads\/2019\/05\/3-2-1024x683.jpg 1024w, https:\/\/istac.org.tr\/wp-content\/uploads\/2019\/05\/3-2-300x200.jpg 300w, https:\/\/istac.org.tr\/wp-content\/uploads\/2019\/05\/3-2-768x513.jpg 768w\" sizes=\"(max-width: 1024px) 100vw, 1024px\" \/> <img loading=\"lazy\" class=\"aligncenter size-large wp-image-19432\" src=\"https:\/\/istac.org.tr\/wp-content\/uploads\/2019\/05\/4-2-1024x675.jpg\" alt=\"\" width=\"1024\" height=\"675\" srcset=\"https:\/\/istac.org.tr\/wp-content\/uploads\/2019\/05\/4-2-1024x675.jpg 1024w, https:\/\/istac.org.tr\/wp-content\/uploads\/2019\/05\/4-2-300x198.jpg 300w, https:\/\/istac.org.tr\/wp-content\/uploads\/2019\/05\/4-2-768x506.jpg 768w, https:\/\/istac.org.tr\/wp-content\/uploads\/2019\/05\/4-2.jpg 2000w\" sizes=\"(max-width: 1024px) 100vw, 1024px\" \/> <img loading=\"lazy\" class=\"aligncenter size-large wp-image-19428\" src=\"https:\/\/istac.org.tr\/wp-content\/uploads\/2019\/05\/1-2-1024x684.jpg\" alt=\"\" width=\"1024\" height=\"684\" srcset=\"https:\/\/istac.org.tr\/wp-content\/uploads\/2019\/05\/1-2-1024x684.jpg 1024w, https:\/\/istac.org.tr\/wp-content\/uploads\/2019\/05\/1-2-300x200.jpg 300w, https:\/\/istac.org.tr\/wp-content\/uploads\/2019\/05\/1-2-768x513.jpg 768w, https:\/\/istac.org.tr\/wp-content\/uploads\/2019\/05\/1-2.jpg 2000w\" sizes=\"(max-width: 1024px) 100vw, 1024px\" \/><\/p>\n<p>&nbsp;<\/p>\n","protected":false},"excerpt":{"rendered":"<p>\u0130stanbul Tahkim Merkezi ve Lalive Hukuk B\u00fcrosu i\u015fbirli\u011fiyle d\u00fczenlenen &#8220;T\u00fcrkiye-\u0130svi\u00e7re Tahkim G\u00fcn\u00fc&#8221; konferans\u0131nda in\u015faat hukuku ve tahkim konu\u015fuldu.\u00a0 Konferans, ISTAC nezdinde anlaml\u0131 bir vedaya da sahne oldu. ISTAC Ba\u015fkan\u0131 Prof. Dr. Ziya Ak\u0131nc\u0131, Genel Sekreterlik g\u00f6revinden ayr\u0131lan Dr. Candan Yasan Tepeta\u015f\u2019a te\u015fekk\u00fcr plaketi verdi. K\u0131sa bir s\u00fcre sonra anne olmaya haz\u0131rlanan Tepeta\u015f, ISTAC\u2019\u0131n kurulu\u015fundan itibaren<a href=\"https:\/\/istac.org.tr\/tr\/9-may-2019-conference-turkish-swiss-arbitration-day-gerceklestirildi\/\">[&#8230;]<\/a><\/p>\n","protected":false},"author":1,"featured_media":0,"comment_status":"open","ping_status":"open","sticky":false,"template":"","format":"standard","meta":[],"categories":[3,49],"tags":[],"acf":[],"post_mailing_queue_ids":[],"_links":{"self":[{"href":"https:\/\/istac.org.tr\/tr\/wp-json\/wp\/v2\/posts\/19427\/"}],"collection":[{"href":"https:\/\/istac.org.tr\/tr\/wp-json\/wp\/v2\/posts\/"}],"about":[{"href":"https:\/\/istac.org.tr\/tr\/wp-json\/wp\/v2\/types\/post\/"}],"author":[{"embeddable":true,"href":"https:\/\/istac.org.tr\/tr\/wp-json\/wp\/v2\/users\/1\/"}],"replies":[{"embeddable":true,"href":"https:\/\/istac.org.tr\/tr\/wp-json\/wp\/v2\/comments\/?post=19427"}],"version-history":[{"count":3,"href":"https:\/\/istac.org.tr\/tr\/wp-json\/wp\/v2\/posts\/19427\/revisions\/"}],"predecessor-version":[{"id":19440,"href":"https:\/\/istac.org.tr\/tr\/wp-json\/wp\/v2\/posts\/19427\/revisions\/19440\/"}],"wp:attachment":[{"href":"https:\/\/istac.org.tr\/tr\/wp-json\/wp\/v2\/media\/?parent=19427"}],"wp:term":[{"taxonomy":"category","embeddable":true,"href":"https:\/\/istac.org.tr\/tr\/wp-json\/wp\/v2\/categories\/?post=19427"},{"taxonomy":"post_tag","embeddable":true,"href":"https:\/\/istac.org.tr\/tr\/wp-json\/wp\/v2\/tags\/?post=19427"}],"curies":[{"name":"wp","href":"https:\/\/api.w.org\/{rel}","templated":true}]}}