{"id":19112,"date":"2019-02-10T16:17:37","date_gmt":"2019-02-10T14:17:37","guid":{"rendered":"https:\/\/istac.org.tr\/?p=19112"},"modified":"2019-02-12T16:22:15","modified_gmt":"2019-02-12T14:22:15","slug":"samsun-barosundaki-konferansimiz-yogun-ilgi-gordu","status":"publish","type":"post","link":"https:\/\/istac.org.tr\/tr\/samsun-barosundaki-konferansimiz-yogun-ilgi-gordu\/","title":{"rendered":"Samsun Barosundaki Konferans\u0131m\u0131z Yo\u011fun \u0130lgi G\u00f6rd\u00fc"},"content":{"rendered":"<p>\u202aT\u00fcrkiye&#8217;nin tahkim merkezi \u0130stanbul Tahkim Merkezi olarak, 9 \u015eubat 2019 Cumartesi g\u00fcn\u00fc\u00a0 Samsun Barosu i\u015fbirli\u011fiyle d\u00fczenledi\u011fimiz konferansta, avukat meslekta\u015flar\u0131m\u0131zla tahkimi ve ISTAC Tahkimini konu\u015ftuk. ISTAC Y\u00f6netim Kurulu \u00fcyesi TBB temsilcisi Av. M. R\u0131fat Bacanl\u0131 ile ISTAC Genel Sekreteri Dr. Candan Yasan Tepeta\u015f&#8217;\u0131n konu\u015fmac\u0131 olarak kat\u0131ld\u0131\u011f\u0131 konferansa meslekta\u015flar\u0131m\u0131z yo\u011fun ilgi g\u00f6sterdi.<\/p>\n<p>Konferansa kat\u0131lan t\u00fcm meslekta\u015flalar\u0131m\u0131za, destekleri i\u00e7in \u00c7orum Barosu Ba\u015fkan\u0131 Av. Kenan Ya\u015far&#8217;a ve konukseverlikleri i\u00e7in Samsun Barosu Ba\u015fkan\u0131 Av. Kerami G\u00fcrb\u00fcz\u2019e te\u015fekk\u00fcr ederiz.<\/p>\n<p><img loading=\"lazy\" class=\"aligncenter size-full wp-image-19113\" src=\"https:\/\/istac.org.tr\/wp-content\/uploads\/2019\/02\/20190209-Samsun-Barosu-Foto_0.jpg\" alt=\"\" width=\"960\" height=\"720\" srcset=\"https:\/\/istac.org.tr\/wp-content\/uploads\/2019\/02\/20190209-Samsun-Barosu-Foto_0.jpg 960w, https:\/\/istac.org.tr\/wp-content\/uploads\/2019\/02\/20190209-Samsun-Barosu-Foto_0-300x225.jpg 300w, https:\/\/istac.org.tr\/wp-content\/uploads\/2019\/02\/20190209-Samsun-Barosu-Foto_0-768x576.jpg 768w\" sizes=\"(max-width: 960px) 100vw, 960px\" \/><\/p>\n<p><img loading=\"lazy\" class=\"aligncenter size-large wp-image-19115\" src=\"https:\/\/istac.org.tr\/wp-content\/uploads\/2019\/02\/20190209-Samsun-Barosu-Foto_1-1024x682.jpg\" alt=\"\" width=\"1024\" height=\"682\" srcset=\"https:\/\/istac.org.tr\/wp-content\/uploads\/2019\/02\/20190209-Samsun-Barosu-Foto_1-1024x682.jpg 1024w, https:\/\/istac.org.tr\/wp-content\/uploads\/2019\/02\/20190209-Samsun-Barosu-Foto_1-300x200.jpg 300w, https:\/\/istac.org.tr\/wp-content\/uploads\/2019\/02\/20190209-Samsun-Barosu-Foto_1-768x512.jpg 768w, https:\/\/istac.org.tr\/wp-content\/uploads\/2019\/02\/20190209-Samsun-Barosu-Foto_1.jpg 1600w\" sizes=\"(max-width: 1024px) 100vw, 1024px\" \/><\/p>\n<p><img loading=\"lazy\" class=\"aligncenter size-large wp-image-19117\" src=\"https:\/\/istac.org.tr\/wp-content\/uploads\/2019\/02\/20190209-Samsun-barosu-Foto_3-1024x682.jpg\" alt=\"\" width=\"1024\" height=\"682\" srcset=\"https:\/\/istac.org.tr\/wp-content\/uploads\/2019\/02\/20190209-Samsun-barosu-Foto_3-1024x682.jpg 1024w, https:\/\/istac.org.tr\/wp-content\/uploads\/2019\/02\/20190209-Samsun-barosu-Foto_3-300x200.jpg 300w, https:\/\/istac.org.tr\/wp-content\/uploads\/2019\/02\/20190209-Samsun-barosu-Foto_3-768x512.jpg 768w, https:\/\/istac.org.tr\/wp-content\/uploads\/2019\/02\/20190209-Samsun-barosu-Foto_3.jpg 1600w\" sizes=\"(max-width: 1024px) 100vw, 1024px\" \/><\/p>\n","protected":false},"excerpt":{"rendered":"<p>\u202aT\u00fcrkiye&#8217;nin tahkim merkezi \u0130stanbul Tahkim Merkezi olarak, 9 \u015eubat 2019 Cumartesi g\u00fcn\u00fc\u00a0 Samsun Barosu i\u015fbirli\u011fiyle d\u00fczenledi\u011fimiz konferansta, avukat meslekta\u015flar\u0131m\u0131zla tahkimi ve ISTAC Tahkimini konu\u015ftuk. ISTAC Y\u00f6netim Kurulu \u00fcyesi TBB temsilcisi Av. M. R\u0131fat Bacanl\u0131 ile ISTAC Genel Sekreteri Dr. Candan Yasan Tepeta\u015f&#8217;\u0131n konu\u015fmac\u0131 olarak kat\u0131ld\u0131\u011f\u0131 konferansa meslekta\u015flar\u0131m\u0131z yo\u011fun ilgi g\u00f6sterdi. Konferansa kat\u0131lan t\u00fcm meslekta\u015flalar\u0131m\u0131za, destekleri<a href=\"https:\/\/istac.org.tr\/tr\/samsun-barosundaki-konferansimiz-yogun-ilgi-gordu\/\">[&#8230;]<\/a><\/p>\n","protected":false},"author":1,"featured_media":0,"comment_status":"open","ping_status":"open","sticky":false,"template":"","format":"standard","meta":[],"categories":[4,3,49],"tags":[],"acf":[],"post_mailing_queue_ids":[],"_links":{"self":[{"href":"https:\/\/istac.org.tr\/tr\/wp-json\/wp\/v2\/posts\/19112\/"}],"collection":[{"href":"https:\/\/istac.org.tr\/tr\/wp-json\/wp\/v2\/posts\/"}],"about":[{"href":"https:\/\/istac.org.tr\/tr\/wp-json\/wp\/v2\/types\/post\/"}],"author":[{"embeddable":true,"href":"https:\/\/istac.org.tr\/tr\/wp-json\/wp\/v2\/users\/1\/"}],"replies":[{"embeddable":true,"href":"https:\/\/istac.org.tr\/tr\/wp-json\/wp\/v2\/comments\/?post=19112"}],"version-history":[{"count":1,"href":"https:\/\/istac.org.tr\/tr\/wp-json\/wp\/v2\/posts\/19112\/revisions\/"}],"predecessor-version":[{"id":19119,"href":"https:\/\/istac.org.tr\/tr\/wp-json\/wp\/v2\/posts\/19112\/revisions\/19119\/"}],"wp:attachment":[{"href":"https:\/\/istac.org.tr\/tr\/wp-json\/wp\/v2\/media\/?parent=19112"}],"wp:term":[{"taxonomy":"category","embeddable":true,"href":"https:\/\/istac.org.tr\/tr\/wp-json\/wp\/v2\/categories\/?post=19112"},{"taxonomy":"post_tag","embeddable":true,"href":"https:\/\/istac.org.tr\/tr\/wp-json\/wp\/v2\/tags\/?post=19112"}],"curies":[{"name":"wp","href":"https:\/\/api.w.org\/{rel}","templated":true}]}}