{"id":19027,"date":"2018-12-16T16:12:42","date_gmt":"2018-12-16T14:12:42","guid":{"rendered":"https:\/\/istac.org.tr\/?p=19027"},"modified":"2018-12-27T16:17:56","modified_gmt":"2018-12-27T14:17:56","slug":"4-ocak-2019-lojistik-ve-tasima-sektorunde-uyusmazlik-cozum-yollari-konferansi","status":"publish","type":"post","link":"https:\/\/istac.org.tr\/tr\/4-ocak-2019-lojistik-ve-tasima-sektorunde-uyusmazlik-cozum-yollari-konferansi\/","title":{"rendered":"4 Ocak 2019- Lojistik ve Ta\u015f\u0131ma Sekt\u00f6r\u00fcnde Uyu\u015fmazl\u0131k \u00c7\u00f6z\u00fcm Yollar\u0131 Konferans\u0131"},"content":{"rendered":"<p>\u0130stanbul Tahkim Merkezi, Karadeniz Ekonomik \u0130\u015fbirli\u011fi Te\u015fkilat\u0131 Ta\u015f\u0131ma Birlikleri Derne\u011fi ve \u0130stanbul Barosu i\u015fbirli\u011fiyle 4 Ocak 2019 tarihinde \u0130stanbul Barosu Konferans Salonu&#8217;nda Lojistik ve Ta\u015f\u0131ma Sekt\u00f6r\u00fcnde Uyu\u015fmazl\u0131k \u00c7\u00f6z\u00fcm Yollar\u0131 konulu bir konferans d\u00fczenleneyecektir.<\/p>\n<p>Konferansa kat\u0131l\u0131m \u00fccretsiz olup; t\u00fcm meslekta\u015flar\u0131m\u0131z davetlidir.<\/p>\n<p><img loading=\"lazy\" class=\"aligncenter size-large wp-image-19028\" src=\"https:\/\/istac.org.tr\/wp-content\/uploads\/2018\/12\/20190104-Tasima-Hukuku-Konferans-afis-724x1024.jpg\" alt=\"\" width=\"724\" height=\"1024\" srcset=\"https:\/\/istac.org.tr\/wp-content\/uploads\/2018\/12\/20190104-Tasima-Hukuku-Konferans-afis-724x1024.jpg 724w, https:\/\/istac.org.tr\/wp-content\/uploads\/2018\/12\/20190104-Tasima-Hukuku-Konferans-afis-212x300.jpg 212w, https:\/\/istac.org.tr\/wp-content\/uploads\/2018\/12\/20190104-Tasima-Hukuku-Konferans-afis-768x1086.jpg 768w\" sizes=\"(max-width: 724px) 100vw, 724px\" \/><\/p>\n","protected":false},"excerpt":{"rendered":"<p>\u0130stanbul Tahkim Merkezi, Karadeniz Ekonomik \u0130\u015fbirli\u011fi Te\u015fkilat\u0131 Ta\u015f\u0131ma Birlikleri Derne\u011fi ve \u0130stanbul Barosu i\u015fbirli\u011fiyle 4 Ocak 2019 tarihinde \u0130stanbul Barosu Konferans Salonu&#8217;nda Lojistik ve Ta\u015f\u0131ma Sekt\u00f6r\u00fcnde Uyu\u015fmazl\u0131k \u00c7\u00f6z\u00fcm Yollar\u0131 konulu bir konferans d\u00fczenleneyecektir. Konferansa kat\u0131l\u0131m \u00fccretsiz olup; t\u00fcm meslekta\u015flar\u0131m\u0131z davetlidir.<\/p>\n","protected":false},"author":1,"featured_media":0,"comment_status":"open","ping_status":"open","sticky":false,"template":"","format":"standard","meta":[],"categories":[5,4,3,49],"tags":[],"acf":[],"post_mailing_queue_ids":[],"_links":{"self":[{"href":"https:\/\/istac.org.tr\/tr\/wp-json\/wp\/v2\/posts\/19027\/"}],"collection":[{"href":"https:\/\/istac.org.tr\/tr\/wp-json\/wp\/v2\/posts\/"}],"about":[{"href":"https:\/\/istac.org.tr\/tr\/wp-json\/wp\/v2\/types\/post\/"}],"author":[{"embeddable":true,"href":"https:\/\/istac.org.tr\/tr\/wp-json\/wp\/v2\/users\/1\/"}],"replies":[{"embeddable":true,"href":"https:\/\/istac.org.tr\/tr\/wp-json\/wp\/v2\/comments\/?post=19027"}],"version-history":[{"count":1,"href":"https:\/\/istac.org.tr\/tr\/wp-json\/wp\/v2\/posts\/19027\/revisions\/"}],"predecessor-version":[{"id":19030,"href":"https:\/\/istac.org.tr\/tr\/wp-json\/wp\/v2\/posts\/19027\/revisions\/19030\/"}],"wp:attachment":[{"href":"https:\/\/istac.org.tr\/tr\/wp-json\/wp\/v2\/media\/?parent=19027"}],"wp:term":[{"taxonomy":"category","embeddable":true,"href":"https:\/\/istac.org.tr\/tr\/wp-json\/wp\/v2\/categories\/?post=19027"},{"taxonomy":"post_tag","embeddable":true,"href":"https:\/\/istac.org.tr\/tr\/wp-json\/wp\/v2\/tags\/?post=19027"}],"curies":[{"name":"wp","href":"https:\/\/api.w.org\/{rel}","templated":true}]}}