{"id":19008,"date":"2018-12-15T18:41:16","date_gmt":"2018-12-15T16:41:16","guid":{"rendered":"https:\/\/istac.org.tr\/?p=19008"},"modified":"2018-12-24T18:45:37","modified_gmt":"2018-12-24T16:45:37","slug":"26-aralik-2018-tahkim-okulu-3-panel","status":"publish","type":"post","link":"https:\/\/istac.org.tr\/tr\/26-aralik-2018-tahkim-okulu-3-panel\/","title":{"rendered":"26 Aral\u0131k 2018- Tahkim Okulu (3.Panel)"},"content":{"rendered":"<p>Marmara \u00dcniversitesi Hukuk Fak\u00fcltesi Milletleraras\u0131 \u00d6zel Hukuk Anabilim Dal\u0131 ve \u0130stanbul Tahkim Merkezi (ISTAC) olarak d\u00fczenledi\u011fimiz TAHK\u0130M OKULU Paneller Serimizin \u00fc\u00e7\u00fcnc\u00fcs\u00fc, 26 Aral\u0131k 2018 \u00c7ar\u015famba g\u00fcn\u00fc saat 18.00 ile 21.15 aras\u0131nda Marmara \u00dcniversitesi Hukuk Fak\u00fcltesi\u2019nde ger\u00e7ekle\u015fecek.<\/p>\n<p>Farkl\u0131 tecr\u00fcbe d\u00fczeylerinden tahkim uygulamac\u0131lar\u0131 ve tahkime ili\u015fkin \u00e7al\u0131\u015fmalar\u0131 olan akademisyenleri bir araya getirerek tahkimin farkl\u0131 boyutlar\u0131n\u0131 ele alaca\u011f\u0131m\u0131z ve d\u00f6rt y\u0131l s\u00fcrmesi planan bu serinin \u00fc\u00e7\u00fcnc\u00fc etkinli\u011finde, \u201cTahkim Anla\u015fmas\u0131n\u0131n Yaz\u0131l\u0131 Olmas\u0131 \u015eart\u0131\u201d konusu ele al\u0131nacakt\u0131r.<\/p>\n<p>Kat\u0131l\u0131m i\u00e7in, <a href=\"http:\/\/etkinlik.marmara.edu.tr\/tahkimokulu\">http:\/\/etkinlik.marmara.edu.tr\/tahkimokulu<\/a> adresinden kayd\u0131n\u0131z\u0131 ger\u00e7ekle\u015ftirebilirsiniz.<\/p>\n<p><img loading=\"lazy\" class=\"aligncenter size-large wp-image-19009\" src=\"https:\/\/istac.org.tr\/wp-content\/uploads\/2018\/12\/ISTAC_26_Aralik_Poster_V03-791x1024.jpg\" alt=\"\" width=\"791\" height=\"1024\" srcset=\"https:\/\/istac.org.tr\/wp-content\/uploads\/2018\/12\/ISTAC_26_Aralik_Poster_V03-791x1024.jpg 791w, https:\/\/istac.org.tr\/wp-content\/uploads\/2018\/12\/ISTAC_26_Aralik_Poster_V03-232x300.jpg 232w, https:\/\/istac.org.tr\/wp-content\/uploads\/2018\/12\/ISTAC_26_Aralik_Poster_V03-768x994.jpg 768w\" sizes=\"(max-width: 791px) 100vw, 791px\" \/><\/p>\n","protected":false},"excerpt":{"rendered":"<p>Marmara \u00dcniversitesi Hukuk Fak\u00fcltesi Milletleraras\u0131 \u00d6zel Hukuk Anabilim Dal\u0131 ve \u0130stanbul Tahkim Merkezi (ISTAC) olarak d\u00fczenledi\u011fimiz TAHK\u0130M OKULU Paneller Serimizin \u00fc\u00e7\u00fcnc\u00fcs\u00fc, 26 Aral\u0131k 2018 \u00c7ar\u015famba g\u00fcn\u00fc saat 18.00 ile 21.15 aras\u0131nda Marmara \u00dcniversitesi Hukuk Fak\u00fcltesi\u2019nde ger\u00e7ekle\u015fecek. Farkl\u0131 tecr\u00fcbe d\u00fczeylerinden tahkim uygulamac\u0131lar\u0131 ve tahkime ili\u015fkin \u00e7al\u0131\u015fmalar\u0131 olan akademisyenleri bir araya getirerek tahkimin farkl\u0131 boyutlar\u0131n\u0131 ele alaca\u011f\u0131m\u0131z<a href=\"https:\/\/istac.org.tr\/tr\/26-aralik-2018-tahkim-okulu-3-panel\/\">[&#8230;]<\/a><\/p>\n","protected":false},"author":1,"featured_media":0,"comment_status":"open","ping_status":"open","sticky":false,"template":"","format":"standard","meta":[],"categories":[5,4,3,49],"tags":[],"acf":[],"post_mailing_queue_ids":[],"_links":{"self":[{"href":"https:\/\/istac.org.tr\/tr\/wp-json\/wp\/v2\/posts\/19008\/"}],"collection":[{"href":"https:\/\/istac.org.tr\/tr\/wp-json\/wp\/v2\/posts\/"}],"about":[{"href":"https:\/\/istac.org.tr\/tr\/wp-json\/wp\/v2\/types\/post\/"}],"author":[{"embeddable":true,"href":"https:\/\/istac.org.tr\/tr\/wp-json\/wp\/v2\/users\/1\/"}],"replies":[{"embeddable":true,"href":"https:\/\/istac.org.tr\/tr\/wp-json\/wp\/v2\/comments\/?post=19008"}],"version-history":[{"count":1,"href":"https:\/\/istac.org.tr\/tr\/wp-json\/wp\/v2\/posts\/19008\/revisions\/"}],"predecessor-version":[{"id":19012,"href":"https:\/\/istac.org.tr\/tr\/wp-json\/wp\/v2\/posts\/19008\/revisions\/19012\/"}],"wp:attachment":[{"href":"https:\/\/istac.org.tr\/tr\/wp-json\/wp\/v2\/media\/?parent=19008"}],"wp:term":[{"taxonomy":"category","embeddable":true,"href":"https:\/\/istac.org.tr\/tr\/wp-json\/wp\/v2\/categories\/?post=19008"},{"taxonomy":"post_tag","embeddable":true,"href":"https:\/\/istac.org.tr\/tr\/wp-json\/wp\/v2\/tags\/?post=19008"}],"curies":[{"name":"wp","href":"https:\/\/api.w.org\/{rel}","templated":true}]}}