{"id":18742,"date":"2018-10-26T17:14:36","date_gmt":"2018-10-26T14:14:36","guid":{"rendered":"https:\/\/istac.org.tr\/?p=18742"},"modified":"2018-11-02T17:27:27","modified_gmt":"2018-11-02T15:27:27","slug":"26-ekim-2018-genc-istac-ve-asab40-ortak-etkinligi-cenevrede-gerceklestirildi","status":"publish","type":"post","link":"https:\/\/istac.org.tr\/tr\/26-ekim-2018-genc-istac-ve-asab40-ortak-etkinligi-cenevrede-gerceklestirildi\/","title":{"rendered":"26 Ekim 2018- Gen\u00e7 ISTAC ve ASAb40 Ortak Etkinli\u011fi Cenevre&#8217;de Ger\u00e7ekle\u015ftirildi"},"content":{"rendered":"<p>Gen\u00e7 ISTAC ile \u0130svi\u00e7re Tahkim Derne\u011fi (ASA) Gen\u00e7 Hukuk\u00e7ular Platformu ASAb40 taraf\u0131ndan birlikte organize edilen &#8220;<em>Dos and Don\u2019ts when Agreeing to Arbitrate: Swiss and Turkish Perspectives<\/em>\u201d ba\u015fl\u0131kl\u0131 seminer, 26 Ekim 2018 Cuma g\u00fcn\u00fc Cenevre \u0130svi\u00e7re&#8217;de ger\u00e7ekle\u015fti.<\/p>\n<p>Cenevre Ticaret ve Sanayi Odas\u0131nda d\u00fczenlenen seminerde Gen\u00e7 ISTAC ad\u0131na Av. Esra \u00d6\u011f\u00fct&#8217;\u00fcn a\u00e7\u0131l\u0131\u015f konu\u015fmas\u0131n yapt\u0131ktan sonra Gen\u00e7 ISTAC&#8217;\u0131 temsilen Av. De\u011fer Boden, Av. Do\u011fan Eymirlio\u011flu ve Av. Defne Zeynep S\u0131rakaya yer ald\u0131lar.<\/p>\n<p>2019 y\u0131l\u0131nda T\u00fcrkiye&#8217;de tekrarlanacak bu etkinli\u011fin ger\u00e7ekle\u015fmesini sa\u011flayan t\u00fcm sponsorlar\u0131m\u0131za ve kat\u0131l\u0131mc\u0131lar\u0131m\u0131za te\u015fekk\u00fcr ederiz.<\/p>\n<p><img loading=\"lazy\" class=\"aligncenter size-full wp-image-18743\" src=\"https:\/\/istac.org.tr\/wp-content\/uploads\/2018\/11\/20181026-ASAb40-Young-ISTAC_1.jpg\" alt=\"\" width=\"640\" height=\"480\" srcset=\"https:\/\/istac.org.tr\/wp-content\/uploads\/2018\/11\/20181026-ASAb40-Young-ISTAC_1.jpg 640w, https:\/\/istac.org.tr\/wp-content\/uploads\/2018\/11\/20181026-ASAb40-Young-ISTAC_1-300x225.jpg 300w\" sizes=\"(max-width: 640px) 100vw, 640px\" \/><\/p>\n<p><img loading=\"lazy\" class=\"aligncenter size-large wp-image-18745\" src=\"https:\/\/istac.org.tr\/wp-content\/uploads\/2018\/11\/20181026-ASAb40-Young-ISTAC_2-1024x768.jpg\" alt=\"\" width=\"1024\" height=\"768\" srcset=\"https:\/\/istac.org.tr\/wp-content\/uploads\/2018\/11\/20181026-ASAb40-Young-ISTAC_2-1024x768.jpg 1024w, https:\/\/istac.org.tr\/wp-content\/uploads\/2018\/11\/20181026-ASAb40-Young-ISTAC_2-300x225.jpg 300w, https:\/\/istac.org.tr\/wp-content\/uploads\/2018\/11\/20181026-ASAb40-Young-ISTAC_2-768x576.jpg 768w, https:\/\/istac.org.tr\/wp-content\/uploads\/2018\/11\/20181026-ASAb40-Young-ISTAC_2.jpg 1600w\" sizes=\"(max-width: 1024px) 100vw, 1024px\" \/><\/p>\n<p><img loading=\"lazy\" class=\"aligncenter size-large wp-image-18747\" src=\"https:\/\/istac.org.tr\/wp-content\/uploads\/2018\/11\/20181026-ASAb40-Young-ISTAC_3.jpg\" alt=\"\" width=\"640\" height=\"480\" srcset=\"https:\/\/istac.org.tr\/wp-content\/uploads\/2018\/11\/20181026-ASAb40-Young-ISTAC_3.jpg 640w, https:\/\/istac.org.tr\/wp-content\/uploads\/2018\/11\/20181026-ASAb40-Young-ISTAC_3-300x225.jpg 300w\" sizes=\"(max-width: 640px) 100vw, 640px\" \/><\/p>\n<p><img loading=\"lazy\" class=\"aligncenter size-large wp-image-18749\" src=\"https:\/\/istac.org.tr\/wp-content\/uploads\/2018\/11\/20181026-ASAb40-Young-ISTAC_4.jpg\" alt=\"\" width=\"640\" height=\"480\" srcset=\"https:\/\/istac.org.tr\/wp-content\/uploads\/2018\/11\/20181026-ASAb40-Young-ISTAC_4.jpg 640w, https:\/\/istac.org.tr\/wp-content\/uploads\/2018\/11\/20181026-ASAb40-Young-ISTAC_4-300x225.jpg 300w\" sizes=\"(max-width: 640px) 100vw, 640px\" \/><\/p>\n<p><img loading=\"lazy\" class=\"aligncenter size-large wp-image-18751\" src=\"https:\/\/istac.org.tr\/wp-content\/uploads\/2018\/11\/20181026-ASAb40-Young-ISTAC_5-768x1024.jpg\" alt=\"\" width=\"768\" height=\"1024\" srcset=\"https:\/\/istac.org.tr\/wp-content\/uploads\/2018\/11\/20181026-ASAb40-Young-ISTAC_5-768x1024.jpg 768w, https:\/\/istac.org.tr\/wp-content\/uploads\/2018\/11\/20181026-ASAb40-Young-ISTAC_5-225x300.jpg 225w, https:\/\/istac.org.tr\/wp-content\/uploads\/2018\/11\/20181026-ASAb40-Young-ISTAC_5.jpg 1200w\" sizes=\"(max-width: 768px) 100vw, 768px\" \/><\/p>\n<p><img loading=\"lazy\" class=\"aligncenter size-large wp-image-18753\" src=\"https:\/\/istac.org.tr\/wp-content\/uploads\/2018\/11\/20181026-ASAb40-Young-ISTAC_6-768x1024.jpg\" alt=\"\" width=\"768\" height=\"1024\" srcset=\"https:\/\/istac.org.tr\/wp-content\/uploads\/2018\/11\/20181026-ASAb40-Young-ISTAC_6-768x1024.jpg 768w, https:\/\/istac.org.tr\/wp-content\/uploads\/2018\/11\/20181026-ASAb40-Young-ISTAC_6-225x300.jpg 225w, https:\/\/istac.org.tr\/wp-content\/uploads\/2018\/11\/20181026-ASAb40-Young-ISTAC_6.jpg 1200w\" sizes=\"(max-width: 768px) 100vw, 768px\" \/><\/p>\n","protected":false},"excerpt":{"rendered":"<p>Gen\u00e7 ISTAC ile \u0130svi\u00e7re Tahkim Derne\u011fi (ASA) Gen\u00e7 Hukuk\u00e7ular Platformu ASAb40 taraf\u0131ndan birlikte organize edilen &#8220;Dos and Don\u2019ts when Agreeing to Arbitrate: Swiss and Turkish Perspectives\u201d ba\u015fl\u0131kl\u0131 seminer, 26 Ekim 2018 Cuma g\u00fcn\u00fc Cenevre \u0130svi\u00e7re&#8217;de ger\u00e7ekle\u015fti. Cenevre Ticaret ve Sanayi Odas\u0131nda d\u00fczenlenen seminerde Gen\u00e7 ISTAC ad\u0131na Av. Esra \u00d6\u011f\u00fct&#8217;\u00fcn a\u00e7\u0131l\u0131\u015f konu\u015fmas\u0131n yapt\u0131ktan sonra Gen\u00e7 ISTAC&#8217;\u0131<a href=\"https:\/\/istac.org.tr\/tr\/26-ekim-2018-genc-istac-ve-asab40-ortak-etkinligi-cenevrede-gerceklestirildi\/\">[&#8230;]<\/a><\/p>\n","protected":false},"author":1,"featured_media":0,"comment_status":"open","ping_status":"open","sticky":false,"template":"","format":"standard","meta":[],"categories":[4,32,3,49],"tags":[],"acf":[],"post_mailing_queue_ids":[],"_links":{"self":[{"href":"https:\/\/istac.org.tr\/tr\/wp-json\/wp\/v2\/posts\/18742\/"}],"collection":[{"href":"https:\/\/istac.org.tr\/tr\/wp-json\/wp\/v2\/posts\/"}],"about":[{"href":"https:\/\/istac.org.tr\/tr\/wp-json\/wp\/v2\/types\/post\/"}],"author":[{"embeddable":true,"href":"https:\/\/istac.org.tr\/tr\/wp-json\/wp\/v2\/users\/1\/"}],"replies":[{"embeddable":true,"href":"https:\/\/istac.org.tr\/tr\/wp-json\/wp\/v2\/comments\/?post=18742"}],"version-history":[{"count":3,"href":"https:\/\/istac.org.tr\/tr\/wp-json\/wp\/v2\/posts\/18742\/revisions\/"}],"predecessor-version":[{"id":18757,"href":"https:\/\/istac.org.tr\/tr\/wp-json\/wp\/v2\/posts\/18742\/revisions\/18757\/"}],"wp:attachment":[{"href":"https:\/\/istac.org.tr\/tr\/wp-json\/wp\/v2\/media\/?parent=18742"}],"wp:term":[{"taxonomy":"category","embeddable":true,"href":"https:\/\/istac.org.tr\/tr\/wp-json\/wp\/v2\/categories\/?post=18742"},{"taxonomy":"post_tag","embeddable":true,"href":"https:\/\/istac.org.tr\/tr\/wp-json\/wp\/v2\/tags\/?post=18742"}],"curies":[{"name":"wp","href":"https:\/\/api.w.org\/{rel}","templated":true}]}}