{"id":18475,"date":"2018-05-13T23:19:04","date_gmt":"2018-05-13T20:19:04","guid":{"rendered":"https:\/\/istac.org.tr\/?p=18475"},"modified":"2018-07-05T23:26:46","modified_gmt":"2018-07-05T20:26:46","slug":"prof-dr-rona-serozan-iii-kurgusal-durusma-yarismasinda-istac","status":"publish","type":"post","link":"https:\/\/istac.org.tr\/tr\/prof-dr-rona-serozan-iii-kurgusal-durusma-yarismasinda-istac\/","title":{"rendered":"Prof. Dr. Rona Serozan III. Kurgusal Duru\u015fma Yar\u0131\u015fmas\u0131nda ISTAC"},"content":{"rendered":"<p>ELSA \u0130stanbul taraf\u0131ndan d\u00fczenlenen Prof. Dr. Rona Serozan Kurgusal Duru\u015fma Yar\u0131\u015fmas\u0131n\u0131n \u00dc\u00e7\u00fcnc\u00fcs\u00fc, 12-13 May\u0131s 2018 tarihlerinde \u0130stanbul Bilgi \u00dcniversitesi santral Kamp\u00fcs\u00fcnde ger\u00e7ekle\u015fti.<\/p>\n<p>Hukuk fak\u00fcltesi \u00f6\u011frencileri aras\u0131nda k\u0131yas\u0131ya bir rekabetin ya\u015fand\u0131\u011f\u0131 yar\u0131\u015fmada ELSA Istanbul&#8217;un davetiyle, ISTAC Genel Sekreteri Dr. Candan Yasan yar\u0131 final a\u015famas\u0131nda g\u00f6rev ald\u0131.<\/p>\n<p><img loading=\"lazy\" class=\"aligncenter size-large wp-image-18476\" src=\"https:\/\/istac.org.tr\/wp-content\/uploads\/2018\/07\/20180513-ELSA-Rona-Serozan-Moot_2-1024x558.png\" alt=\"\" width=\"1024\" height=\"558\" srcset=\"https:\/\/istac.org.tr\/wp-content\/uploads\/2018\/07\/20180513-ELSA-Rona-Serozan-Moot_2-1024x558.png 1024w, https:\/\/istac.org.tr\/wp-content\/uploads\/2018\/07\/20180513-ELSA-Rona-Serozan-Moot_2-300x163.png 300w, https:\/\/istac.org.tr\/wp-content\/uploads\/2018\/07\/20180513-ELSA-Rona-Serozan-Moot_2-768x418.png 768w\" sizes=\"(max-width: 1024px) 100vw, 1024px\" \/><\/p>\n","protected":false},"excerpt":{"rendered":"<p>ELSA \u0130stanbul taraf\u0131ndan d\u00fczenlenen Prof. Dr. Rona Serozan Kurgusal Duru\u015fma Yar\u0131\u015fmas\u0131n\u0131n \u00dc\u00e7\u00fcnc\u00fcs\u00fc, 12-13 May\u0131s 2018 tarihlerinde \u0130stanbul Bilgi \u00dcniversitesi santral Kamp\u00fcs\u00fcnde ger\u00e7ekle\u015fti. Hukuk fak\u00fcltesi \u00f6\u011frencileri aras\u0131nda k\u0131yas\u0131ya bir rekabetin ya\u015fand\u0131\u011f\u0131 yar\u0131\u015fmada ELSA Istanbul&#8217;un davetiyle, ISTAC Genel Sekreteri Dr. Candan Yasan yar\u0131 final a\u015famas\u0131nda g\u00f6rev ald\u0131.<\/p>\n","protected":false},"author":1,"featured_media":0,"comment_status":"open","ping_status":"open","sticky":false,"template":"","format":"standard","meta":[],"categories":[3],"tags":[],"acf":[],"post_mailing_queue_ids":[],"_links":{"self":[{"href":"https:\/\/istac.org.tr\/tr\/wp-json\/wp\/v2\/posts\/18475\/"}],"collection":[{"href":"https:\/\/istac.org.tr\/tr\/wp-json\/wp\/v2\/posts\/"}],"about":[{"href":"https:\/\/istac.org.tr\/tr\/wp-json\/wp\/v2\/types\/post\/"}],"author":[{"embeddable":true,"href":"https:\/\/istac.org.tr\/tr\/wp-json\/wp\/v2\/users\/1\/"}],"replies":[{"embeddable":true,"href":"https:\/\/istac.org.tr\/tr\/wp-json\/wp\/v2\/comments\/?post=18475"}],"version-history":[{"count":1,"href":"https:\/\/istac.org.tr\/tr\/wp-json\/wp\/v2\/posts\/18475\/revisions\/"}],"predecessor-version":[{"id":18477,"href":"https:\/\/istac.org.tr\/tr\/wp-json\/wp\/v2\/posts\/18475\/revisions\/18477\/"}],"wp:attachment":[{"href":"https:\/\/istac.org.tr\/tr\/wp-json\/wp\/v2\/media\/?parent=18475"}],"wp:term":[{"taxonomy":"category","embeddable":true,"href":"https:\/\/istac.org.tr\/tr\/wp-json\/wp\/v2\/categories\/?post=18475"},{"taxonomy":"post_tag","embeddable":true,"href":"https:\/\/istac.org.tr\/tr\/wp-json\/wp\/v2\/tags\/?post=18475"}],"curies":[{"name":"wp","href":"https:\/\/api.w.org\/{rel}","templated":true}]}}