{"id":18468,"date":"2018-05-19T22:56:48","date_gmt":"2018-05-19T19:56:48","guid":{"rendered":"https:\/\/istac.org.tr\/?p=18468"},"modified":"2018-07-05T23:12:04","modified_gmt":"2018-07-05T20:12:04","slug":"genc-istac-co-chairs-circle-ccc-listesine-girdi","status":"publish","type":"post","link":"https:\/\/istac.org.tr\/tr\/genc-istac-co-chairs-circle-ccc-listesine-girdi\/","title":{"rendered":"Gen\u00e7 ISTAC Co-Chairs Circle (CCC) Listesine Girdi"},"content":{"rendered":"<p>Gen\u00e7 ISTAC Y\u00fcr\u00fctme Kurulu, t\u00fcm d\u00fcnyadaki tahkim kurumlar\u0131n\u0131n 40 ya\u015f alt\u0131 gen\u00e7 tahkim uygulamac\u0131 ekiplerini bir araya getiren <a href=\"http:\/\/www.co-chairs-circle.com\/\">Co-Chairs\u2019 Circle<\/a>\u00a0-CCC&#8217;nin 18-19 May\u0131s 2018 tarihlerinde Roma&#8217;da ger\u00e7ekle\u015fen \u00dc\u00e7\u00fcnc\u00fc Global Konferans\u0131na kat\u0131ld\u0131.<\/p>\n<p>ARBIT (<em>Italian Forum for Arbitration and ADR<\/em>) ev sahipli\u011findeRoma-Tre \u00dcniversitesinde d\u00fczenlenen bu toplant\u0131ya Gen\u00e7 ISTAC&#8217;\u0131 temsilen kat\u0131lan Av. Ceren \u00c7ak\u0131r Akg\u00fcn, Av. Naz\u0131m Can I\u015f\u0131kta\u00e7 ve Av. G\u00fcrhan Ayd\u0131n, \u0130stanbul Tahkim Merkezini ve Gen\u00e7 ISTAC&#8217;\u0131 tan\u0131tarak, kurumu ve faaliyetlerini geni\u015f bir kitleyle payla\u015fm\u0131\u015ft\u0131r. Bunun sonucunda,\u00a0Gen\u00e7 ISTAC&#8217;\u0131n da Co-Chairs\u2019 Circle\u2019a d\u00e2hil olmas\u0131 sa\u011flanm\u0131\u015f ve Gen\u00e7 ISTAC, Co-Chairs&#8217; Circle <a href=\"http:\/\/www.co-chairs-circle.com\/index.php?type=m&amp;ziel=contact-details\">listesine<\/a> dahil olan T\u00fcrkiye&#8217;deki ilk platform olma gururunu ya\u015fam\u0131\u015ft\u0131r.<\/p>\n<p>Co-Chairs&#8217; Circle-CCC, tahkimle ilgili g\u00fcncel konular hakk\u0131nda fikir al\u0131\u015fveri\u015finde bulunmak, mevcut e\u011filimleri birlikte de\u011ferlendirmek ve uluslararas\u0131 tahkim d\u00fcnyas\u0131n\u0131n gen\u00e7 sesi olarak daha g\u00fc\u00e7l\u00fc bir etki yaratmak ama\u00e7lar\u0131n\u0131 ger\u00e7ekle\u015ftirmek \u00fczere her y\u0131l tahkim kurumlar\u0131n\u0131n 40 ya\u015f alt\u0131 ekiplerinin temsilcilerinin kat\u0131ld\u0131\u011f\u0131 toplant\u0131lar ve her iki y\u0131lda bir global konferanslar organize etmektedir.<\/p>\n<p><img loading=\"lazy\" class=\"aligncenter size-large wp-image-18469\" src=\"https:\/\/istac.org.tr\/wp-content\/uploads\/2018\/07\/20180418-CCC-Genc-ISTAC-768x1024.jpg\" alt=\"\" width=\"768\" height=\"1024\" srcset=\"https:\/\/istac.org.tr\/wp-content\/uploads\/2018\/07\/20180418-CCC-Genc-ISTAC-768x1024.jpg 768w, https:\/\/istac.org.tr\/wp-content\/uploads\/2018\/07\/20180418-CCC-Genc-ISTAC-225x300.jpg 225w, https:\/\/istac.org.tr\/wp-content\/uploads\/2018\/07\/20180418-CCC-Genc-ISTAC.jpg 1200w\" sizes=\"(max-width: 768px) 100vw, 768px\" \/><\/p>\n<p><img loading=\"lazy\" class=\"aligncenter size-large wp-image-18470\" src=\"https:\/\/istac.org.tr\/wp-content\/uploads\/2018\/07\/20180519-CCC-genc-ISTAC_2-1024x768.jpeg\" alt=\"\" width=\"1024\" height=\"768\" srcset=\"https:\/\/istac.org.tr\/wp-content\/uploads\/2018\/07\/20180519-CCC-genc-ISTAC_2-1024x768.jpeg 1024w, https:\/\/istac.org.tr\/wp-content\/uploads\/2018\/07\/20180519-CCC-genc-ISTAC_2-300x225.jpeg 300w, https:\/\/istac.org.tr\/wp-content\/uploads\/2018\/07\/20180519-CCC-genc-ISTAC_2-768x576.jpeg 768w\" sizes=\"(max-width: 1024px) 100vw, 1024px\" \/><\/p>\n","protected":false},"excerpt":{"rendered":"<p>Gen\u00e7 ISTAC Y\u00fcr\u00fctme Kurulu, t\u00fcm d\u00fcnyadaki tahkim kurumlar\u0131n\u0131n 40 ya\u015f alt\u0131 gen\u00e7 tahkim uygulamac\u0131 ekiplerini bir araya getiren Co-Chairs\u2019 Circle\u00a0-CCC&#8217;nin 18-19 May\u0131s 2018 tarihlerinde Roma&#8217;da ger\u00e7ekle\u015fen \u00dc\u00e7\u00fcnc\u00fc Global Konferans\u0131na kat\u0131ld\u0131. ARBIT (Italian Forum for Arbitration and ADR) ev sahipli\u011findeRoma-Tre \u00dcniversitesinde d\u00fczenlenen bu toplant\u0131ya Gen\u00e7 ISTAC&#8217;\u0131 temsilen kat\u0131lan Av. Ceren \u00c7ak\u0131r Akg\u00fcn, Av. Naz\u0131m Can I\u015f\u0131kta\u00e7<a href=\"https:\/\/istac.org.tr\/tr\/genc-istac-co-chairs-circle-ccc-listesine-girdi\/\">[&#8230;]<\/a><\/p>\n","protected":false},"author":1,"featured_media":0,"comment_status":"open","ping_status":"open","sticky":false,"template":"","format":"standard","meta":[],"categories":[32,3],"tags":[],"acf":[],"post_mailing_queue_ids":[],"_links":{"self":[{"href":"https:\/\/istac.org.tr\/tr\/wp-json\/wp\/v2\/posts\/18468\/"}],"collection":[{"href":"https:\/\/istac.org.tr\/tr\/wp-json\/wp\/v2\/posts\/"}],"about":[{"href":"https:\/\/istac.org.tr\/tr\/wp-json\/wp\/v2\/types\/post\/"}],"author":[{"embeddable":true,"href":"https:\/\/istac.org.tr\/tr\/wp-json\/wp\/v2\/users\/1\/"}],"replies":[{"embeddable":true,"href":"https:\/\/istac.org.tr\/tr\/wp-json\/wp\/v2\/comments\/?post=18468"}],"version-history":[{"count":1,"href":"https:\/\/istac.org.tr\/tr\/wp-json\/wp\/v2\/posts\/18468\/revisions\/"}],"predecessor-version":[{"id":18471,"href":"https:\/\/istac.org.tr\/tr\/wp-json\/wp\/v2\/posts\/18468\/revisions\/18471\/"}],"wp:attachment":[{"href":"https:\/\/istac.org.tr\/tr\/wp-json\/wp\/v2\/media\/?parent=18468"}],"wp:term":[{"taxonomy":"category","embeddable":true,"href":"https:\/\/istac.org.tr\/tr\/wp-json\/wp\/v2\/categories\/?post=18468"},{"taxonomy":"post_tag","embeddable":true,"href":"https:\/\/istac.org.tr\/tr\/wp-json\/wp\/v2\/tags\/?post=18468"}],"curies":[{"name":"wp","href":"https:\/\/api.w.org\/{rel}","templated":true}]}}