{"id":18463,"date":"2018-06-05T22:49:26","date_gmt":"2018-06-05T19:49:26","guid":{"rendered":"https:\/\/istac.org.tr\/?p=18463"},"modified":"2018-07-05T22:53:02","modified_gmt":"2018-07-05T19:53:02","slug":"istactan-borsa-istanbul-ziyareti","status":"publish","type":"post","link":"https:\/\/istac.org.tr\/tr\/istactan-borsa-istanbul-ziyareti\/","title":{"rendered":"ISTAC&#8217;tan Borsa \u0130stanbul Ziyareti"},"content":{"rendered":"<p>ISTAC Y\u00f6netim Kurulu Ba\u015fkan\u0131 Prof. Dr. Ziya Ak\u0131nc\u0131, Ba\u015fkanvekili Mustafa \u00c7\u0131kr\u0131k\u00e7\u0131o\u011flu ve Y\u00f6netim Kurulu \u00dcyeleri M\u00fcjdat Ke\u00e7eci ile M. R\u0131fat Bacanl\u0131, 5 Haziran 2018 tarihinde Borsa \u0130stanbul Y\u00f6netim Kurulu Ba\u015fkan\u0131 Himmet Karada\u011f&#8217;\u0131 ziyaret ettiler ve Kurumlar aras\u0131ndaki i\u015fbirli\u011fi imkanlar\u0131n\u0131 de\u011ferlendirdiler.<\/p>\n<p><img loading=\"lazy\" class=\"aligncenter size-full wp-image-18464\" src=\"https:\/\/istac.org.tr\/wp-content\/uploads\/2018\/07\/20180605-Borsa-I\u0307stanbul-Ziyareti_1.jpg\" alt=\"\" width=\"720\" height=\"960\" srcset=\"https:\/\/istac.org.tr\/wp-content\/uploads\/2018\/07\/20180605-Borsa-I\u0307stanbul-Ziyareti_1.jpg 720w, https:\/\/istac.org.tr\/wp-content\/uploads\/2018\/07\/20180605-Borsa-I\u0307stanbul-Ziyareti_1-225x300.jpg 225w\" sizes=\"(max-width: 720px) 100vw, 720px\" \/><\/p>\n<p><img loading=\"lazy\" class=\"aligncenter size-full wp-image-18465\" src=\"https:\/\/istac.org.tr\/wp-content\/uploads\/2018\/07\/20180605-Borsa-I\u0307stanbul-Ziyareti_2.jpg\" alt=\"\" width=\"720\" height=\"960\" srcset=\"https:\/\/istac.org.tr\/wp-content\/uploads\/2018\/07\/20180605-Borsa-I\u0307stanbul-Ziyareti_2.jpg 720w, https:\/\/istac.org.tr\/wp-content\/uploads\/2018\/07\/20180605-Borsa-I\u0307stanbul-Ziyareti_2-225x300.jpg 225w\" sizes=\"(max-width: 720px) 100vw, 720px\" \/><\/p>\n","protected":false},"excerpt":{"rendered":"<p>ISTAC Y\u00f6netim Kurulu Ba\u015fkan\u0131 Prof. Dr. Ziya Ak\u0131nc\u0131, Ba\u015fkanvekili Mustafa \u00c7\u0131kr\u0131k\u00e7\u0131o\u011flu ve Y\u00f6netim Kurulu \u00dcyeleri M\u00fcjdat Ke\u00e7eci ile M. R\u0131fat Bacanl\u0131, 5 Haziran 2018 tarihinde Borsa \u0130stanbul Y\u00f6netim Kurulu Ba\u015fkan\u0131 Himmet Karada\u011f&#8217;\u0131 ziyaret ettiler ve Kurumlar aras\u0131ndaki i\u015fbirli\u011fi imkanlar\u0131n\u0131 de\u011ferlendirdiler.<\/p>\n","protected":false},"author":1,"featured_media":0,"comment_status":"open","ping_status":"open","sticky":false,"template":"","format":"standard","meta":[],"categories":[3],"tags":[],"acf":[],"post_mailing_queue_ids":[],"_links":{"self":[{"href":"https:\/\/istac.org.tr\/tr\/wp-json\/wp\/v2\/posts\/18463\/"}],"collection":[{"href":"https:\/\/istac.org.tr\/tr\/wp-json\/wp\/v2\/posts\/"}],"about":[{"href":"https:\/\/istac.org.tr\/tr\/wp-json\/wp\/v2\/types\/post\/"}],"author":[{"embeddable":true,"href":"https:\/\/istac.org.tr\/tr\/wp-json\/wp\/v2\/users\/1\/"}],"replies":[{"embeddable":true,"href":"https:\/\/istac.org.tr\/tr\/wp-json\/wp\/v2\/comments\/?post=18463"}],"version-history":[{"count":1,"href":"https:\/\/istac.org.tr\/tr\/wp-json\/wp\/v2\/posts\/18463\/revisions\/"}],"predecessor-version":[{"id":18466,"href":"https:\/\/istac.org.tr\/tr\/wp-json\/wp\/v2\/posts\/18463\/revisions\/18466\/"}],"wp:attachment":[{"href":"https:\/\/istac.org.tr\/tr\/wp-json\/wp\/v2\/media\/?parent=18463"}],"wp:term":[{"taxonomy":"category","embeddable":true,"href":"https:\/\/istac.org.tr\/tr\/wp-json\/wp\/v2\/categories\/?post=18463"},{"taxonomy":"post_tag","embeddable":true,"href":"https:\/\/istac.org.tr\/tr\/wp-json\/wp\/v2\/tags\/?post=18463"}],"curies":[{"name":"wp","href":"https:\/\/api.w.org\/{rel}","templated":true}]}}