{"id":18373,"date":"2018-06-01T16:12:13","date_gmt":"2018-06-01T13:12:13","guid":{"rendered":"https:\/\/istac.org.tr\/?p=18373"},"modified":"2018-07-05T22:54:53","modified_gmt":"2018-07-05T19:54:53","slug":"istactan-kamu-konferansi-istac-tahkiminin-avantajlarini-kullanin","status":"publish","type":"post","link":"https:\/\/istac.org.tr\/tr\/istactan-kamu-konferansi-istac-tahkiminin-avantajlarini-kullanin\/","title":{"rendered":"Kamu Kurum ve Kuruluslari \u0130\u00e7in Tahkim Semineri Yo\u011fun Kat\u0131l\u0131mla Ger\u00e7ekle\u015fti"},"content":{"rendered":"<p>\u0130stanbul Tahkim Merkezi (ISTAC), kamu uyu\u015fmazl\u0131klar\u0131nda tahkime gidilebilmesinin yolunu a\u00e7an mevzuat de\u011fi\u015fikliklerinin ard\u0131ndan 31 May\u0131s 2018 tarihinde Ankara\u2019da Kamu Kurum ve Kurulu\u015flar\u0131 \u0130\u00e7in Tahkim Seminerini d\u00fczenledi.<\/p>\n<p>Konferans\u0131n a\u00e7\u0131l\u0131\u015f\u0131nda konu\u015fan Ba\u015fbakanl\u0131k Ba\u015fm\u00fc\u015faviri Mehmet \u00c7obas, kamu kurumlar\u0131n\u0131 alternatif uyu\u015fmazl\u0131k \u00e7\u00f6z\u00fcm yolu olan tahkim konusunda cesaretli davranmaya ve ISTAC Tahkiminin yaratt\u0131\u011f\u0131 f\u0131rsatlardan yararlanmaya \u00e7a\u011f\u0131rd\u0131. Ba\u015fbakanl\u0131k Ba\u015fm\u00fc\u015faviri \u00c7obas, kamu kesiminden 300\u2019\u00fc a\u015fk\u0131n hukuk\u00e7u ve uzman\u0131n kat\u0131ld\u0131\u011f\u0131 konferansta, \u0130stanbul Tahkim Merkezi\u2019nin T\u00fcrkiye\u2019nin projesi oldu\u011funu vurgulad\u0131. \u00c7obas, mevzuat de\u011fi\u015fiklikleri sonucu ISTAC\u2019\u0131n art\u0131k kamu i\u00e7in de alternatif uyu\u015fmazl\u0131k \u00e7\u00f6z\u00fcm adresi oldu\u011funa dikkat \u00e7ekerek, \u015fu mesajlar\u0131 verdi; \u201cKamu kurum ve kurulu\u015flar\u0131 s\u00f6zle\u015fmenin y\u00fcr\u00fct\u00fclmesi a\u015famas\u0131nda taraflar aras\u0131nda do\u011fabilecek uyu\u015fmazl\u0131klar\u0131n \u00e7\u00f6z\u00fcm\u00fcnde, T\u00fcrk Mahkemeleri ya da tahkim yolundan birini tercih ederek Tip S\u00f6zle\u015fme\u2019de d\u00fczenleme yapabilecektir. Dolay\u0131s\u0131yla burada bir tahkim \u015fart\u0131n\u0131n \u00f6ng\u00f6r\u00fcl\u00fcp \u00f6ng\u00f6r\u00fclmemesi idarenin takdirine b\u0131rak\u0131lm\u0131\u015ft\u0131r. Kamu kurum ve kurulu\u015flar\u0131n\u0131n kamu zarar\u0131na neden olmamak, adaletin daha h\u0131zl\u0131 tesis etmesini sa\u011flamak bilinciyle, hakemler arac\u0131l\u0131\u011f\u0131 ile uyu\u015fmazl\u0131\u011f\u0131n \u00e7\u00f6z\u00fclmesine imk\u00e2n tan\u0131yacak ad\u0131mlar\u0131 atmalar\u0131n\u0131n yerinde olaca\u011f\u0131 a\u00e7\u0131kt\u0131r. Bu ba\u011flamda; kamu kurum ve kurulu\u015flar\u0131n\u0131n tahkim yoluna gidilmesinde cesaretli davranmalar\u0131, \u0130stanbul Tahkim Merkezi Tahkim Kurallar\u0131n\u0131 daha i\u015flevsel hale getirecek mekanizmalar\u0131 i\u015fletmesinin \u00f6nemli oldu\u011funu vurgulamak istiyorum. Bu konuda at\u0131lacak ad\u0131mlarla yat\u0131r\u0131mlar\u0131n daha h\u0131zl\u0131 ve etkin y\u00fcr\u00fct\u00fclmesi sa\u011flanacak olup, yap\u0131lacak i\u015flerde fark\u0131ndal\u0131k yarat\u0131lacakt\u0131r.\u201d<\/p>\n<p>Ba\u015fbakanl\u0131k Ba\u015fm\u00fc\u015faviri \u00c7obas, \u201cKamu kurum ve kurulu\u015flar\u0131n\u0131n t\u00fcm s\u00f6zle\u015fmelerinde ISTAC\u2019\u0131 yayg\u0131n bir \u015fekilde kullanmas\u0131n\u0131 bekliyoruz\u201d derken, bu tercihin sa\u011flayaca\u011f\u0131 avantajlar\u0131 da \u015f\u00f6yle dile getirdi; \u201cYurt d\u0131\u015f\u0131ndaki tahkim merkezlerine k\u0131yasla ISTAC\u2019ta uyu\u015fmazl\u0131klar\u0131n \u00e7\u00f6z\u00fcmlenmesi, uluslararas\u0131 standartlardaki bir hizmetin daha d\u00fc\u015f\u00fck maliyetle kendi kaynaklar\u0131m\u0131zla sa\u011flamam\u0131z demektir. ISTAC\u2019ta uyu\u015fmazl\u0131klar\u0131n \u00e7\u00f6z\u00fcmlenmesi, i\u00e7 kaynaklar\u0131m\u0131z\u0131n T\u00fcrkiye\u2019de kalmas\u0131n\u0131 sa\u011flayaca\u011f\u0131 gibi T\u00fcrkiye\u2019ye d\u00f6viz ak\u0131\u015f\u0131n\u0131 da temin edecektir. Ayr\u0131ca ISTAC, tan\u0131t\u0131ma olan katk\u0131s\u0131yla, T\u00fcrkiye\u2019nin uluslararas\u0131 alanda adalet da\u011f\u0131tan bir \u00fclke oldu\u011funu g\u00f6r\u00fcn\u00fcr k\u0131lacakt\u0131r.\u201d<\/p>\n<p>\u0130stanbul Tahkim Merkezi Ba\u015fkan\u0131 Prof. Dr. Ziya Ak\u0131nc\u0131 da, konferansta kamu avukatlar\u0131na ISTAC Tahkimini ve kurulu\u015fundan bu yana merkezin ula\u015ft\u0131\u011f\u0131 noktay\u0131 anlatt\u0131. \u0130stanbul Finans Merkezi projesinin bir par\u00e7as\u0131 olarak kurulan ISTAC\u2019\u0131n 2,5 y\u0131ll\u0131k aktif faaliyet d\u00f6neminde \u00f6nemli tecr\u00fcbeler kazand\u0131\u011f\u0131n\u0131 belirten Prof. Ak\u0131nc\u0131 \u015f\u00f6yle konu\u015ftu; \u201c\u0130stanbul Finans Merkezi projesinin bir par\u00e7as\u0131 olarak kurulan \u0130stanbul Tahkim Merkezi kamunun destekledi\u011fi \u00f6zerk bir kurum olarak ortaya \u00e7\u0131kt\u0131. \u0130stanbul Finans Merkezi projesi, hedeflenen s\u00fcrede ger\u00e7ekle\u015femese de, bu proje kapsam\u0131nda kurulan ISTAC \u015fu ana kadarki dava g\u00fcndemi ve \u00e7ok y\u00f6nl\u00fc etkinlikleriyle aktif bir kurum yap\u0131s\u0131 kazand\u0131. ISTAC\u2019da g\u00f6r\u00fclen dava say\u0131s\u0131 20\u2019ye ula\u015ft\u0131, bu davalar\u0131n 12\u2019si sonu\u00e7land\u0131. \u00d6zel sekt\u00f6rden sonra kamu kesiminde de ISTAC tahkiminin kullan\u0131lmaya ba\u015flanmas\u0131yla, \u00f6n\u00fcm\u00fczdeki s\u00fcre\u00e7te merkezimizi \u00e7ok daha yo\u011fun bir dava g\u00fcndemi bekliyor. Bilindi\u011fi \u00fczere ISTAC\u2019a kamu kap\u0131s\u0131n\u0131 a\u00e7an ilk ad\u0131m Ba\u015fbakanl\u0131k Genelgesi ile at\u0131lm\u0131\u015ft\u0131. 2016\/25 say\u0131l\u0131 bu Genelge ile Ba\u015fbakanl\u0131k \u2018Kamu kurumlar\u0131 ISTAC Tahkiminden faydalans\u0131n, bunu tavsiye ediyorum\u2019 dedi. ISTAC\u2019\u0131 belki 30 sene ileri g\u00f6t\u00fcren bu ad\u0131m i\u00e7in m\u00fcte\u015fekkiriz. Genelgenin ard\u0131ndan Kamu \u0130hale Kurumu tip s\u00f6zle\u015fmeleri ve uygulama y\u00f6netmeliklerindeki de\u011fi\u015fiklikler 30 Aral\u0131k 2017 tarihli Resm\u00ee Gazete\u2019nin m\u00fckerrer say\u0131s\u0131nda yay\u0131nland\u0131 ve 20 g\u00fcn sonra kamuda tahkim mevzuat\u0131 y\u00fcr\u00fcrl\u00fc\u011fe girmi\u015f oldu. Art\u0131k kamu kurumlar\u0131n\u0131n, taraf olduklar\u0131 s\u00f6zle\u015fmelerde tahkim \u015fart\u0131 olarak ISTAC\u2019\u0131 yazmalar\u0131 m\u00fcmk\u00fcn. Dolay\u0131s\u0131yla, t\u00fcm kamu hukuk\u00e7ular\u0131na, avukatlara, s\u00f6zle\u015fmelere imza atan karar vericilere sesleniyoruz; S\u00f6zle\u015fmelerinize ISTAC tahkim \u015fart\u0131n\u0131 yaz\u0131n, \u0130stanbul Tahkim Merkezi\u2019nin h\u0131zl\u0131, uzmanla\u015fm\u0131\u015f ve hesapl\u0131 yarg\u0131lama imk\u00e2nlar\u0131ndan yararlan\u0131n. ISTAC, \u00f6zel sekt\u00f6r\u00fcn yan\u0131 s\u0131ra kamu kurumlar\u0131n\u0131n uyu\u015fmazl\u0131klar\u0131 i\u00e7in de cazip bir \u00e7\u00f6z\u00fcm adresi olmaya haz\u0131rd\u0131r.\u201d<\/p>\n<p>Konferansa Oturum Ba\u015fkan\u0131 olarak kat\u0131lan deneyimli hukuk\u00e7u Prof. Dr. Fikret Eren ise \u0130stanbul Tahkim Merkezi\u2019nin kurulmu\u015f olmas\u0131n\u0131n, T\u00fcrk hukuk\u00e7ular\u0131n\u0131n d\u00fcnyaya a\u00e7\u0131lmas\u0131 y\u00f6n\u00fcnden \u00f6nemine dikkat \u00e7ekti. Prof. Eren, \u201cISTAC\u2019\u0131n kurulmas\u0131 \u00e7ok hay\u0131rl\u0131 ve yararl\u0131 olmu\u015ftur. Ayr\u0131ca, bu merkezin T\u00fcrkiye\u2019yi tan\u0131t\u0131c\u0131 rol\u00fc de \u00e7ok \u00f6nemlidir\u201d dedi.<\/p>\n<p>Konferansta Kamu \u0130hale Kurumu ad\u0131na konu\u015fan \u0130nceleme Dairesi Ba\u015fkan\u0131 Orhan Se\u00e7kin ve Hukuk Hizmetleri Dairesi Ba\u015fkan\u0131 Dr. Erdem Bafra, kamu ihale s\u00f6zle\u015fmelerinden kaynaklanan uyu\u015fmazl\u0131klar\u0131 de\u011ferlendirirken, kat\u0131l\u0131mc\u0131lara tecr\u00fcbelerini aktard\u0131lar. Ayr\u0131ca, ISTAC Genel Sekreteri Dr. Candan Yasan Tepeta\u015f, Merkezin yarg\u0131lama usul ve y\u00f6ntemleri hakk\u0131nda geni\u015f kapsaml\u0131 sunum yapt\u0131.<\/p>\n<p>K\u0130K mevzuat\u0131na tabi kurumlar\u0131n sat\u0131n alma personeli, ihale komisyonu \u00fcyeleri ve hukuk m\u00fc\u015favirlerinin kat\u0131ld\u0131\u011f\u0131 etkinlik, ISTAC\u2019\u0131n iftar daveti ile sona erdi.<\/p>\n<p><img loading=\"lazy\" class=\"aligncenter size-large wp-image-18374\" src=\"https:\/\/istac.org.tr\/wp-content\/uploads\/2018\/06\/5DH_8567-1024x683.jpg\" alt=\"\" width=\"1024\" height=\"683\" srcset=\"https:\/\/istac.org.tr\/wp-content\/uploads\/2018\/06\/5DH_8567-1024x683.jpg 1024w, https:\/\/istac.org.tr\/wp-content\/uploads\/2018\/06\/5DH_8567-300x200.jpg 300w, https:\/\/istac.org.tr\/wp-content\/uploads\/2018\/06\/5DH_8567-768x512.jpg 768w\" sizes=\"(max-width: 1024px) 100vw, 1024px\" \/><\/p>\n<p><img loading=\"lazy\" class=\"aligncenter size-large wp-image-18381\" src=\"https:\/\/istac.org.tr\/wp-content\/uploads\/2018\/06\/5DH_8595-1024x683.jpg\" alt=\"\" width=\"1024\" height=\"683\" srcset=\"https:\/\/istac.org.tr\/wp-content\/uploads\/2018\/06\/5DH_8595-1024x683.jpg 1024w, https:\/\/istac.org.tr\/wp-content\/uploads\/2018\/06\/5DH_8595-300x200.jpg 300w, https:\/\/istac.org.tr\/wp-content\/uploads\/2018\/06\/5DH_8595-768x512.jpg 768w\" sizes=\"(max-width: 1024px) 100vw, 1024px\" \/><\/p>\n<p><img loading=\"lazy\" class=\"aligncenter size-large wp-image-18375\" src=\"https:\/\/istac.org.tr\/wp-content\/uploads\/2018\/06\/5DH_8683-1024x683.jpg\" alt=\"\" width=\"1024\" height=\"683\" srcset=\"https:\/\/istac.org.tr\/wp-content\/uploads\/2018\/06\/5DH_8683-1024x683.jpg 1024w, https:\/\/istac.org.tr\/wp-content\/uploads\/2018\/06\/5DH_8683-300x200.jpg 300w, https:\/\/istac.org.tr\/wp-content\/uploads\/2018\/06\/5DH_8683-768x512.jpg 768w\" sizes=\"(max-width: 1024px) 100vw, 1024px\" \/><\/p>\n<p><img loading=\"lazy\" class=\"aligncenter size-large wp-image-18376\" src=\"https:\/\/istac.org.tr\/wp-content\/uploads\/2018\/06\/4DH_7496_f-1024x683.jpg\" alt=\"\" width=\"1024\" height=\"683\" srcset=\"https:\/\/istac.org.tr\/wp-content\/uploads\/2018\/06\/4DH_7496_f-1024x683.jpg 1024w, https:\/\/istac.org.tr\/wp-content\/uploads\/2018\/06\/4DH_7496_f-300x200.jpg 300w, https:\/\/istac.org.tr\/wp-content\/uploads\/2018\/06\/4DH_7496_f-768x512.jpg 768w\" sizes=\"(max-width: 1024px) 100vw, 1024px\" \/><\/p>\n<p><img loading=\"lazy\" class=\"aligncenter size-large wp-image-18377\" src=\"https:\/\/istac.org.tr\/wp-content\/uploads\/2018\/06\/4DH_7562_f-1024x683.jpg\" alt=\"\" width=\"1024\" height=\"683\" srcset=\"https:\/\/istac.org.tr\/wp-content\/uploads\/2018\/06\/4DH_7562_f-1024x683.jpg 1024w, https:\/\/istac.org.tr\/wp-content\/uploads\/2018\/06\/4DH_7562_f-300x200.jpg 300w, https:\/\/istac.org.tr\/wp-content\/uploads\/2018\/06\/4DH_7562_f-768x512.jpg 768w\" sizes=\"(max-width: 1024px) 100vw, 1024px\" \/><\/p>\n<p><img loading=\"lazy\" class=\"aligncenter size-large wp-image-18378\" src=\"https:\/\/istac.org.tr\/wp-content\/uploads\/2018\/06\/4DH_7748-1024x683.jpg\" alt=\"\" width=\"1024\" height=\"683\" srcset=\"https:\/\/istac.org.tr\/wp-content\/uploads\/2018\/06\/4DH_7748-1024x683.jpg 1024w, https:\/\/istac.org.tr\/wp-content\/uploads\/2018\/06\/4DH_7748-300x200.jpg 300w, https:\/\/istac.org.tr\/wp-content\/uploads\/2018\/06\/4DH_7748-768x512.jpg 768w\" sizes=\"(max-width: 1024px) 100vw, 1024px\" \/><\/p>\n<p><img loading=\"lazy\" class=\"aligncenter size-large wp-image-18382\" src=\"https:\/\/istac.org.tr\/wp-content\/uploads\/2018\/06\/4DH_7533-1024x683.jpg\" alt=\"\" width=\"1024\" height=\"683\" srcset=\"https:\/\/istac.org.tr\/wp-content\/uploads\/2018\/06\/4DH_7533-1024x683.jpg 1024w, https:\/\/istac.org.tr\/wp-content\/uploads\/2018\/06\/4DH_7533-300x200.jpg 300w, https:\/\/istac.org.tr\/wp-content\/uploads\/2018\/06\/4DH_7533-768x512.jpg 768w\" sizes=\"(max-width: 1024px) 100vw, 1024px\" \/><\/p>\n<p>&nbsp;<\/p>\n","protected":false},"excerpt":{"rendered":"<p>\u0130stanbul Tahkim Merkezi (ISTAC), kamu uyu\u015fmazl\u0131klar\u0131nda tahkime gidilebilmesinin yolunu a\u00e7an mevzuat de\u011fi\u015fikliklerinin ard\u0131ndan 31 May\u0131s 2018 tarihinde Ankara\u2019da Kamu Kurum ve Kurulu\u015flar\u0131 \u0130\u00e7in Tahkim Seminerini d\u00fczenledi. Konferans\u0131n a\u00e7\u0131l\u0131\u015f\u0131nda konu\u015fan Ba\u015fbakanl\u0131k Ba\u015fm\u00fc\u015faviri Mehmet \u00c7obas, kamu kurumlar\u0131n\u0131 alternatif uyu\u015fmazl\u0131k \u00e7\u00f6z\u00fcm yolu olan tahkim konusunda cesaretli davranmaya ve ISTAC Tahkiminin yaratt\u0131\u011f\u0131 f\u0131rsatlardan yararlanmaya \u00e7a\u011f\u0131rd\u0131. Ba\u015fbakanl\u0131k Ba\u015fm\u00fc\u015faviri \u00c7obas, kamu<a href=\"https:\/\/istac.org.tr\/tr\/istactan-kamu-konferansi-istac-tahkiminin-avantajlarini-kullanin\/\">[&#8230;]<\/a><\/p>\n","protected":false},"author":1,"featured_media":0,"comment_status":"open","ping_status":"open","sticky":false,"template":"","format":"standard","meta":[],"categories":[4,3,49],"tags":[],"acf":[],"post_mailing_queue_ids":[],"_links":{"self":[{"href":"https:\/\/istac.org.tr\/tr\/wp-json\/wp\/v2\/posts\/18373\/"}],"collection":[{"href":"https:\/\/istac.org.tr\/tr\/wp-json\/wp\/v2\/posts\/"}],"about":[{"href":"https:\/\/istac.org.tr\/tr\/wp-json\/wp\/v2\/types\/post\/"}],"author":[{"embeddable":true,"href":"https:\/\/istac.org.tr\/tr\/wp-json\/wp\/v2\/users\/1\/"}],"replies":[{"embeddable":true,"href":"https:\/\/istac.org.tr\/tr\/wp-json\/wp\/v2\/comments\/?post=18373"}],"version-history":[{"count":4,"href":"https:\/\/istac.org.tr\/tr\/wp-json\/wp\/v2\/posts\/18373\/revisions\/"}],"predecessor-version":[{"id":18467,"href":"https:\/\/istac.org.tr\/tr\/wp-json\/wp\/v2\/posts\/18373\/revisions\/18467\/"}],"wp:attachment":[{"href":"https:\/\/istac.org.tr\/tr\/wp-json\/wp\/v2\/media\/?parent=18373"}],"wp:term":[{"taxonomy":"category","embeddable":true,"href":"https:\/\/istac.org.tr\/tr\/wp-json\/wp\/v2\/categories\/?post=18373"},{"taxonomy":"post_tag","embeddable":true,"href":"https:\/\/istac.org.tr\/tr\/wp-json\/wp\/v2\/tags\/?post=18373"}],"curies":[{"name":"wp","href":"https:\/\/api.w.org\/{rel}","templated":true}]}}