{"id":17512,"date":"2018-04-13T20:19:55","date_gmt":"2018-04-13T17:19:55","guid":{"rendered":"https:\/\/istac.org.tr\/?p=17512"},"modified":"2018-04-15T20:24:50","modified_gmt":"2018-04-15T17:24:50","slug":"13-nisan-2018-atilim-universitesi-ogrencileri-istac-tahkim-egitimine-katildi","status":"publish","type":"post","link":"https:\/\/istac.org.tr\/tr\/13-nisan-2018-atilim-universitesi-ogrencileri-istac-tahkim-egitimine-katildi\/","title":{"rendered":"13 Nisan 2018- At\u0131l\u0131m \u00dcniversitesi \u00d6\u011frencileri ISTAC Tahkim E\u011fitimine Kat\u0131ld\u0131"},"content":{"rendered":"<p>At\u0131l\u0131m \u00dcniversitesi Hukuk Fak\u00fcltesi \u00f6\u011frencileri, 13 Nisan g\u00fcn\u00fc ISTAC Merkezini ziyaret ettiler.<\/p>\n<p>Gen\u00e7 ISTAC Y\u00fcr\u00fctme Kurulu Ba\u015fkan\u0131 Av. Ay\u00e7a Ayd\u0131n&#8217;\u0131n verdi\u011fi tahkim e\u011fitimine kat\u0131lan 50 \u00f6\u011frenci, ISTAC Ba\u015fkan\u0131 Prof. Dr. Ziya Ak\u0131nc\u0131 ile de tan\u0131\u015f\u0131p sohbet ettiler.<\/p>\n<p>Gen\u00e7 hukuk\u00e7ular\u0131 meslek hayatlar\u0131nda ba\u015far\u0131lar dileriz!<\/p>\n<p><img loading=\"lazy\" class=\"aligncenter size-large wp-image-17513\" src=\"https:\/\/istac.org.tr\/wp-content\/uploads\/2018\/04\/20180314-At\u0131l\u0131m-ISTAC-Ziyareti-1024x768.jpg\" alt=\"\" width=\"1024\" height=\"768\" srcset=\"https:\/\/istac.org.tr\/wp-content\/uploads\/2018\/04\/20180314-At\u0131l\u0131m-ISTAC-Ziyareti-1024x768.jpg 1024w, https:\/\/istac.org.tr\/wp-content\/uploads\/2018\/04\/20180314-At\u0131l\u0131m-ISTAC-Ziyareti-300x225.jpg 300w, https:\/\/istac.org.tr\/wp-content\/uploads\/2018\/04\/20180314-At\u0131l\u0131m-ISTAC-Ziyareti-768x576.jpg 768w\" sizes=\"(max-width: 1024px) 100vw, 1024px\" \/><\/p>\n","protected":false},"excerpt":{"rendered":"<p>At\u0131l\u0131m \u00dcniversitesi Hukuk Fak\u00fcltesi \u00f6\u011frencileri, 13 Nisan g\u00fcn\u00fc ISTAC Merkezini ziyaret ettiler. Gen\u00e7 ISTAC Y\u00fcr\u00fctme Kurulu Ba\u015fkan\u0131 Av. Ay\u00e7a Ayd\u0131n&#8217;\u0131n verdi\u011fi tahkim e\u011fitimine kat\u0131lan 50 \u00f6\u011frenci, ISTAC Ba\u015fkan\u0131 Prof. Dr. Ziya Ak\u0131nc\u0131 ile de tan\u0131\u015f\u0131p sohbet ettiler. Gen\u00e7 hukuk\u00e7ular\u0131 meslek hayatlar\u0131nda ba\u015far\u0131lar dileriz!<\/p>\n","protected":false},"author":1,"featured_media":0,"comment_status":"open","ping_status":"open","sticky":false,"template":"","format":"standard","meta":[],"categories":[4,32,3],"tags":[],"acf":[],"post_mailing_queue_ids":[],"_links":{"self":[{"href":"https:\/\/istac.org.tr\/tr\/wp-json\/wp\/v2\/posts\/17512\/"}],"collection":[{"href":"https:\/\/istac.org.tr\/tr\/wp-json\/wp\/v2\/posts\/"}],"about":[{"href":"https:\/\/istac.org.tr\/tr\/wp-json\/wp\/v2\/types\/post\/"}],"author":[{"embeddable":true,"href":"https:\/\/istac.org.tr\/tr\/wp-json\/wp\/v2\/users\/1\/"}],"replies":[{"embeddable":true,"href":"https:\/\/istac.org.tr\/tr\/wp-json\/wp\/v2\/comments\/?post=17512"}],"version-history":[{"count":2,"href":"https:\/\/istac.org.tr\/tr\/wp-json\/wp\/v2\/posts\/17512\/revisions\/"}],"predecessor-version":[{"id":17516,"href":"https:\/\/istac.org.tr\/tr\/wp-json\/wp\/v2\/posts\/17512\/revisions\/17516\/"}],"wp:attachment":[{"href":"https:\/\/istac.org.tr\/tr\/wp-json\/wp\/v2\/media\/?parent=17512"}],"wp:term":[{"taxonomy":"category","embeddable":true,"href":"https:\/\/istac.org.tr\/tr\/wp-json\/wp\/v2\/categories\/?post=17512"},{"taxonomy":"post_tag","embeddable":true,"href":"https:\/\/istac.org.tr\/tr\/wp-json\/wp\/v2\/tags\/?post=17512"}],"curies":[{"name":"wp","href":"https:\/\/api.w.org\/{rel}","templated":true}]}}