{"id":17447,"date":"2018-04-08T12:23:33","date_gmt":"2018-04-08T09:23:33","guid":{"rendered":"https:\/\/istac.org.tr\/?p=17447"},"modified":"2018-04-14T16:23:13","modified_gmt":"2018-04-14T13:23:13","slug":"elsa-ankara-prof-dr-ejder-yilmaz-ii-kurgusal-durusma-yarismasi","status":"publish","type":"post","link":"https:\/\/istac.org.tr\/tr\/elsa-ankara-prof-dr-ejder-yilmaz-ii-kurgusal-durusma-yarismasi\/","title":{"rendered":"ELSA Ankara Prof. Dr. Ejder Y\u0131lmaz II. Kurgusal Duru\u015fma Yar\u0131\u015fmas\u0131"},"content":{"rendered":"<p>Merkezimizin Dan\u0131\u015fma Kurulu \u00fcyesi Say\u0131n Prof. Dr. Ejder Y\u0131lmaz ad\u0131na ELSA Ankara taraf\u0131ndan bu y\u0131l ikincisi d\u00fczenlenen\u00a0Prof. Dr. Ejder Y\u0131lmaz Kurgusal Duru\u015fma Yar\u0131\u015fmas\u0131, 7-8 Nisan 2018 tarihlerinde Ankara&#8217;da ger\u00e7ekle\u015fti.<\/p>\n<p>12 farkl\u0131 \u00fcniversiteden toplam 34 tak\u0131m\u0131n kat\u0131ld\u0131\u011f\u0131 yar\u0131\u015fman\u0131n s\u00f6zl\u00fc a\u015famalar\u0131nda Gen\u00e7 ISTAC Y\u00fcr\u00fctme Kurulu \u00dcyesi Av. \u015eeref Can Arat hakem olarak g\u00f6rev yapt\u0131.<\/p>\n<p>Yar\u0131\u015fmada dereceye giren \u00f6\u011frenilerimizin ISTAC yaz staj\u0131 \u00f6d\u00fcl\u00fc de ald\u0131\u011f\u0131 bu yar\u0131\u015fmaya kat\u0131lan t\u00fcm \u00f6\u011frencileri i\u00e7tenlikle tebrik ederiz.<\/p>\n<p><img loading=\"lazy\" class=\"aligncenter size-full wp-image-17450\" src=\"https:\/\/istac.org.tr\/wp-content\/uploads\/2018\/04\/20180407-Elsa-Ejder-Y\u0131lmaz-Kurgusal-Dava.png\" alt=\"\" width=\"826\" height=\"573\" srcset=\"https:\/\/istac.org.tr\/wp-content\/uploads\/2018\/04\/20180407-Elsa-Ejder-Y\u0131lmaz-Kurgusal-Dava.png 826w, https:\/\/istac.org.tr\/wp-content\/uploads\/2018\/04\/20180407-Elsa-Ejder-Y\u0131lmaz-Kurgusal-Dava-300x208.png 300w, https:\/\/istac.org.tr\/wp-content\/uploads\/2018\/04\/20180407-Elsa-Ejder-Y\u0131lmaz-Kurgusal-Dava-768x533.png 768w\" sizes=\"(max-width: 826px) 100vw, 826px\" \/><\/p>\n<p><img loading=\"lazy\" class=\"aligncenter size-full wp-image-17448\" src=\"https:\/\/istac.org.tr\/wp-content\/uploads\/2018\/04\/Screen-Shot-2018-04-14-at-12.27.24.png\" alt=\"\" width=\"759\" height=\"462\" srcset=\"https:\/\/istac.org.tr\/wp-content\/uploads\/2018\/04\/Screen-Shot-2018-04-14-at-12.27.24.png 759w, https:\/\/istac.org.tr\/wp-content\/uploads\/2018\/04\/Screen-Shot-2018-04-14-at-12.27.24-300x183.png 300w\" sizes=\"(max-width: 759px) 100vw, 759px\" \/><\/p>\n<p><img loading=\"lazy\" class=\"aligncenter size-full wp-image-17452\" src=\"https:\/\/istac.org.tr\/wp-content\/uploads\/2018\/04\/Screen-Shot-2018-04-14-at-12.26.49.png\" alt=\"\" width=\"854\" height=\"531\" srcset=\"https:\/\/istac.org.tr\/wp-content\/uploads\/2018\/04\/Screen-Shot-2018-04-14-at-12.26.49.png 854w, https:\/\/istac.org.tr\/wp-content\/uploads\/2018\/04\/Screen-Shot-2018-04-14-at-12.26.49-300x187.png 300w, https:\/\/istac.org.tr\/wp-content\/uploads\/2018\/04\/Screen-Shot-2018-04-14-at-12.26.49-768x478.png 768w\" sizes=\"(max-width: 854px) 100vw, 854px\" \/><\/p>\n","protected":false},"excerpt":{"rendered":"<p>Merkezimizin Dan\u0131\u015fma Kurulu \u00fcyesi Say\u0131n Prof. Dr. Ejder Y\u0131lmaz ad\u0131na ELSA Ankara taraf\u0131ndan bu y\u0131l ikincisi d\u00fczenlenen\u00a0Prof. Dr. Ejder Y\u0131lmaz Kurgusal Duru\u015fma Yar\u0131\u015fmas\u0131, 7-8 Nisan 2018 tarihlerinde Ankara&#8217;da ger\u00e7ekle\u015fti. 12 farkl\u0131 \u00fcniversiteden toplam 34 tak\u0131m\u0131n kat\u0131ld\u0131\u011f\u0131 yar\u0131\u015fman\u0131n s\u00f6zl\u00fc a\u015famalar\u0131nda Gen\u00e7 ISTAC Y\u00fcr\u00fctme Kurulu \u00dcyesi Av. \u015eeref Can Arat hakem olarak g\u00f6rev yapt\u0131. Yar\u0131\u015fmada dereceye giren<a href=\"https:\/\/istac.org.tr\/tr\/elsa-ankara-prof-dr-ejder-yilmaz-ii-kurgusal-durusma-yarismasi\/\">[&#8230;]<\/a><\/p>\n","protected":false},"author":1,"featured_media":0,"comment_status":"open","ping_status":"open","sticky":false,"template":"","format":"standard","meta":[],"categories":[4,32,3],"tags":[],"acf":[],"post_mailing_queue_ids":[],"_links":{"self":[{"href":"https:\/\/istac.org.tr\/tr\/wp-json\/wp\/v2\/posts\/17447\/"}],"collection":[{"href":"https:\/\/istac.org.tr\/tr\/wp-json\/wp\/v2\/posts\/"}],"about":[{"href":"https:\/\/istac.org.tr\/tr\/wp-json\/wp\/v2\/types\/post\/"}],"author":[{"embeddable":true,"href":"https:\/\/istac.org.tr\/tr\/wp-json\/wp\/v2\/users\/1\/"}],"replies":[{"embeddable":true,"href":"https:\/\/istac.org.tr\/tr\/wp-json\/wp\/v2\/comments\/?post=17447"}],"version-history":[{"count":1,"href":"https:\/\/istac.org.tr\/tr\/wp-json\/wp\/v2\/posts\/17447\/revisions\/"}],"predecessor-version":[{"id":17454,"href":"https:\/\/istac.org.tr\/tr\/wp-json\/wp\/v2\/posts\/17447\/revisions\/17454\/"}],"wp:attachment":[{"href":"https:\/\/istac.org.tr\/tr\/wp-json\/wp\/v2\/media\/?parent=17447"}],"wp:term":[{"taxonomy":"category","embeddable":true,"href":"https:\/\/istac.org.tr\/tr\/wp-json\/wp\/v2\/categories\/?post=17447"},{"taxonomy":"post_tag","embeddable":true,"href":"https:\/\/istac.org.tr\/tr\/wp-json\/wp\/v2\/tags\/?post=17447"}],"curies":[{"name":"wp","href":"https:\/\/api.w.org\/{rel}","templated":true}]}}