{"id":1552,"date":"2016-04-20T11:20:47","date_gmt":"2016-04-20T08:20:47","guid":{"rendered":"http:\/\/istac.org.tr\/?p=1552"},"modified":"2016-04-26T12:25:02","modified_gmt":"2016-04-26T09:25:02","slug":"milletlerarasi-ozel-hukukta-guncel-konular-sempozyumu-2","status":"publish","type":"post","link":"https:\/\/istac.org.tr\/tr\/milletlerarasi-ozel-hukukta-guncel-konular-sempozyumu-2\/","title":{"rendered":"21 Nisan 2016 &#8220;Milletleraras\u0131 \u00d6zel Hukukta G\u00fcncel Konular Sempozyumu&#8221;"},"content":{"rendered":"<p>Anadolu \u00dcniversitesi Hukuk Fak\u00fcltesi taraf\u0131ndan Eski\u015fehir&#8217;de d\u00fczenlenecek Sempozyumda, <strong>21 Nisan 2016 Per\u015fembe<\/strong> g\u00fcn\u00fc ISTAC Milli Divan ve Dan\u0131\u015fma Kurulu \u00fcyesi Do\u00e7. Dr. Cemile Demir G\u00f6kyayla taraf\u0131ndan &#8220;<strong><em>\u0130stanbul Tahkim Merkezi Tahkim Kurallar\u0131 Uyar\u0131nca Divan&#8217;\u0131n Yetki ve G\u00f6revleri<\/em><\/strong>&#8221; a\u00e7\u0131klanacak; ard\u0131ndan ISTAC Genel Sekreteri Yrd. Do\u00e7. Dr. Candan Yasan taraf\u0131ndan &#8220;<strong><em>\u0130stanbul Tahkim Merkezi Tahkim Kurallar\u0131 Uyar\u0131nca Seri Tahkim<\/em><\/strong>&#8221; konusu sunulacakt\u0131r. Sempozyum, t\u00fcm meslekta\u015flar\u0131m\u0131z\u0131n kat\u0131l\u0131m\u0131na a\u00e7\u0131kt\u0131r.<\/p>\n<p><img loading=\"lazy\" class=\"size-full wp-image-1548 aligncenter\" src=\"http:\/\/istac.org.tr\/wp-content\/uploads\/2016\/03\/Afis\u0327.png\" alt=\"ISTAC Sempozyum\" width=\"585\" height=\"860\" srcset=\"https:\/\/istac.org.tr\/wp-content\/uploads\/2016\/03\/Afis\u0327.png 585w, https:\/\/istac.org.tr\/wp-content\/uploads\/2016\/03\/Afis\u0327-204x300.png 204w\" sizes=\"(max-width: 585px) 100vw, 585px\" \/><\/p>\n","protected":false},"excerpt":{"rendered":"<p>Anadolu \u00dcniversitesi Hukuk Fak\u00fcltesi taraf\u0131ndan Eski\u015fehir&#8217;de d\u00fczenlenecek Sempozyumda, 21 Nisan 2016 Per\u015fembe g\u00fcn\u00fc ISTAC Milli Divan ve Dan\u0131\u015fma Kurulu \u00fcyesi Do\u00e7. Dr. Cemile Demir G\u00f6kyayla taraf\u0131ndan &#8220;\u0130stanbul Tahkim Merkezi Tahkim Kurallar\u0131 Uyar\u0131nca Divan&#8217;\u0131n Yetki ve G\u00f6revleri&#8221; a\u00e7\u0131klanacak; ard\u0131ndan ISTAC Genel Sekreteri Yrd. Do\u00e7. Dr. Candan Yasan taraf\u0131ndan &#8220;\u0130stanbul Tahkim Merkezi Tahkim Kurallar\u0131 Uyar\u0131nca Seri Tahkim&#8221;<a href=\"https:\/\/istac.org.tr\/tr\/milletlerarasi-ozel-hukukta-guncel-konular-sempozyumu-2\/\">[&#8230;]<\/a><\/p>\n","protected":false},"author":1,"featured_media":0,"comment_status":"open","ping_status":"open","sticky":false,"template":"","format":"standard","meta":[],"categories":[5,4],"tags":[20,21,19],"acf":[],"post_mailing_queue_ids":[],"_links":{"self":[{"href":"https:\/\/istac.org.tr\/tr\/wp-json\/wp\/v2\/posts\/1552\/"}],"collection":[{"href":"https:\/\/istac.org.tr\/tr\/wp-json\/wp\/v2\/posts\/"}],"about":[{"href":"https:\/\/istac.org.tr\/tr\/wp-json\/wp\/v2\/types\/post\/"}],"author":[{"embeddable":true,"href":"https:\/\/istac.org.tr\/tr\/wp-json\/wp\/v2\/users\/1\/"}],"replies":[{"embeddable":true,"href":"https:\/\/istac.org.tr\/tr\/wp-json\/wp\/v2\/comments\/?post=1552"}],"version-history":[{"count":3,"href":"https:\/\/istac.org.tr\/tr\/wp-json\/wp\/v2\/posts\/1552\/revisions\/"}],"predecessor-version":[{"id":1662,"href":"https:\/\/istac.org.tr\/tr\/wp-json\/wp\/v2\/posts\/1552\/revisions\/1662\/"}],"wp:attachment":[{"href":"https:\/\/istac.org.tr\/tr\/wp-json\/wp\/v2\/media\/?parent=1552"}],"wp:term":[{"taxonomy":"category","embeddable":true,"href":"https:\/\/istac.org.tr\/tr\/wp-json\/wp\/v2\/categories\/?post=1552"},{"taxonomy":"post_tag","embeddable":true,"href":"https:\/\/istac.org.tr\/tr\/wp-json\/wp\/v2\/tags\/?post=1552"}],"curies":[{"name":"wp","href":"https:\/\/api.w.org\/{rel}","templated":true}]}}